{"id":2467,"date":"2024-09-26T15:33:40","date_gmt":"2024-09-26T08:33:40","guid":{"rendered":"https:\/\/hef.gov.vn\/?p=2467"},"modified":"2025-07-14T15:50:43","modified_gmt":"2025-07-14T08:50:43","slug":"photo-the-opening-ceremony-of-the-vietnam-c4ir","status":"publish","type":"post","link":"https:\/\/hef.gov.vn\/vi\/photo-the-opening-ceremony-of-the-vietnam-c4ir.html","title":{"rendered":"H\u00ecnh \u1ea3nh: L\u1ec5 kh\u00e1nh th\u00e0nh Trung t\u00e2m C\u00e1ch m\u1ea1ng C\u00f4ng nghi\u1ec7p l\u1ea7n th\u1ee9 4 t\u1ea1i TP.HCM"},"content":{"rendered":"<div class=\"fancybox\"><p>S\u1ef1 ki\u1ec7n c\u00f3 s\u1ef1 tham d\u1ef1 c\u1ee7a Th\u1ee7 t\u01b0\u1edbng Ch\u00ednh ph\u1ee7 Ph\u1ea1m Minh Ch\u00ednh, B\u00ed th\u01b0 Th\u00e0nh \u1ee7y TP.HCM Nguy\u1ec5n V\u0103n N\u00ean, v\u00e0 Ch\u1ee7 t\u1ecbch UBND TP.HCM Phan V\u0103n M\u00e3i, c\u00f9ng nhi\u1ec1u l\u00e3nh \u0111\u1ea1o c\u1ea5p cao kh\u00e1c. Trung t\u00e2m \u0111\u01b0\u1ee3c k\u1ef3 v\u1ecdng s\u1ebd tr\u1edf th\u00e0nh \u0111\u1ed9ng l\u1ef1c m\u1edbi cho s\u1ef1 ph\u00e1t tri\u1ec3n b\u1ec1n v\u1eefng c\u1ee7a th\u00e0nh ph\u1ed1, v\u1edbi s\u1ee9c \u1ea3nh h\u01b0\u1edfng lan t\u1ecfa ra c\u1ea3 n\u01b0\u1edbc.<\/p>\n\r\n                <style type=\"text\/css\">\r\n                    \r\n                    #tdi_1  .td-doubleSlider-2 .td-item1 {\r\n                        background: url(https:\/\/hef.gov.vn\/wp-content\/uploads\/2025\/07\/IMG_9328-80x60.jpg) 0 0 no-repeat;\r\n                    }\r\n                    #tdi_1  .td-doubleSlider-2 .td-item2 {\r\n                        background: url(https:\/\/hef.gov.vn\/wp-content\/uploads\/2025\/07\/IMG_9483-80x60.jpg) 0 0 no-repeat;\r\n                    }\r\n                    #tdi_1  .td-doubleSlider-2 .td-item3 {\r\n                        background: url(https:\/\/hef.gov.vn\/wp-content\/uploads\/2025\/07\/IMG_9489-80x60.jpg) 0 0 no-repeat;\r\n                    }\r\n                    #tdi_1  .td-doubleSlider-2 .td-item4 {\r\n                        background: url(https:\/\/hef.gov.vn\/wp-content\/uploads\/2025\/07\/IMG_9493-80x60.jpg) 0 0 no-repeat;\r\n                    }\r\n                    #tdi_1  .td-doubleSlider-2 .td-item5 {\r\n                        background: url(https:\/\/hef.gov.vn\/wp-content\/uploads\/2025\/07\/IMG_9321-80x60.jpg) 0 0 no-repeat;\r\n                    }\r\n                    #tdi_1  .td-doubleSlider-2 .td-item6 {\r\n                        background: url(https:\/\/hef.gov.vn\/wp-content\/uploads\/2025\/07\/IMG_9332-80x60.jpg) 0 0 no-repeat;\r\n                    }\r\n                    #tdi_1  .td-doubleSlider-2 .td-item7 {\r\n                        background: url(https:\/\/hef.gov.vn\/wp-content\/uploads\/2025\/07\/z6159444240376_11a5c6d8af4b5a6ed196250a53a5a632-80x60.jpg) 0 0 no-repeat;\r\n                    }\r\n                    #tdi_1  .td-doubleSlider-2 .td-item8 {\r\n                        background: url(https:\/\/hef.gov.vn\/wp-content\/uploads\/2025\/07\/z6159579661477_bffb1e74ff8b68bad84c0129e7cac980-80x60.jpg) 0 0 no-repeat;\r\n                    }\r\n                    #tdi_1  .td-doubleSlider-2 .td-item9 {\r\n                        background: url(https:\/\/hef.gov.vn\/wp-content\/uploads\/2025\/07\/z6159579668249_2883f87c2acbd649a2d985d58a1119f5-80x60.jpg) 0 0 no-repeat;\r\n                    }\r\n                    #tdi_1  .td-doubleSlider-2 .td-item10 {\r\n                        background: url(https:\/\/hef.gov.vn\/wp-content\/uploads\/2025\/07\/IMG_9299-80x60.jpg) 0 0 no-repeat;\r\n                    }\r\n                    #tdi_1  .td-doubleSlider-2 .td-item11 {\r\n                        background: url(https:\/\/hef.gov.vn\/wp-content\/uploads\/2025\/07\/IMG_9301-80x60.jpg) 0 0 no-repeat;\r\n                    }\r\n                    #tdi_1  .td-doubleSlider-2 .td-item12 {\r\n                        background: url(https:\/\/hef.gov.vn\/wp-content\/uploads\/2025\/07\/IMG_9319-80x60.jpg) 0 0 no-repeat;\r\n                    }\r\n                    #tdi_1  .td-doubleSlider-2 .td-item13 {\r\n                        background: url(https:\/\/hef.gov.vn\/wp-content\/uploads\/2025\/07\/9P5A0018-80x60.jpg) 0 0 no-repeat;\r\n                    }\r\n                    #tdi_1  .td-doubleSlider-2 .td-item14 {\r\n                        background: url(https:\/\/hef.gov.vn\/wp-content\/uploads\/2025\/07\/9P5A0022-1-80x60.jpg) 0 0 no-repeat;\r\n                    }\r\n                    #tdi_1  .td-doubleSlider-2 .td-item15 {\r\n                        background: url(https:\/\/hef.gov.vn\/wp-content\/uploads\/2025\/07\/IMG_9284-80x60.jpg) 0 0 no-repeat;\r\n                    }\r\n                    #tdi_1  .td-doubleSlider-2 .td-item16 {\r\n                        background: url(https:\/\/hef.gov.vn\/wp-content\/uploads\/2025\/07\/9P5A0004-80x60.jpg) 0 0 no-repeat;\r\n                    }\r\n                    #tdi_1  .td-doubleSlider-2 .td-item17 {\r\n                        background: url(https:\/\/hef.gov.vn\/wp-content\/uploads\/2025\/07\/9P5A9996-80x60.jpg) 0 0 no-repeat;\r\n                    }\r\n                    #tdi_1  .td-doubleSlider-2 .td-item18 {\r\n                        background: url(https:\/\/hef.gov.vn\/wp-content\/uploads\/2025\/07\/8D4A5802-80x60.jpg) 0 0 no-repeat;\r\n                    }\r\n                    #tdi_1  .td-doubleSlider-2 .td-item19 {\r\n                        background: url(https:\/\/hef.gov.vn\/wp-content\/uploads\/2025\/07\/8D4A5758-80x60.jpg) 0 0 no-repeat;\r\n                    }\r\n                    #tdi_1  .td-doubleSlider-2 .td-item20 {\r\n                        background: url(https:\/\/hef.gov.vn\/wp-content\/uploads\/2025\/07\/8D4A5762-80x60.jpg) 0 0 no-repeat;\r\n                    }\r\n                    #tdi_1  .td-doubleSlider-2 .td-item21 {\r\n                        background: url(https:\/\/hef.gov.vn\/wp-content\/uploads\/2025\/07\/8D4A5781-80x60.jpg) 0 0 no-repeat;\r\n                    }\r\n                    #tdi_1  .td-doubleSlider-2 .td-item22 {\r\n                        background: url(https:\/\/hef.gov.vn\/wp-content\/uploads\/2025\/07\/8D4A5785-80x60.jpg) 0 0 no-repeat;\r\n                    }\r\n                    #tdi_1  .td-doubleSlider-2 .td-item23 {\r\n                        background: url(https:\/\/hef.gov.vn\/wp-content\/uploads\/2025\/07\/8D4A5796-80x60.jpg) 0 0 no-repeat;\r\n                    }\r\n                    #tdi_1  .td-doubleSlider-2 .td-item24 {\r\n                        background: url(https:\/\/hef.gov.vn\/wp-content\/uploads\/2025\/07\/8D4A5685-80x60.jpg) 0 0 no-repeat;\r\n                    }\r\n                    #tdi_1  .td-doubleSlider-2 .td-item25 {\r\n                        background: url(https:\/\/hef.gov.vn\/wp-content\/uploads\/2025\/07\/8D4A5707-80x60.jpg) 0 0 no-repeat;\r\n                    }\r\n                    #tdi_1  .td-doubleSlider-2 .td-item26 {\r\n                        background: url(https:\/\/hef.gov.vn\/wp-content\/uploads\/2025\/07\/8D4A5722-80x60.jpg) 0 0 no-repeat;\r\n                    }\r\n                    #tdi_1  .td-doubleSlider-2 .td-item27 {\r\n                        background: url(https:\/\/hef.gov.vn\/wp-content\/uploads\/2025\/07\/8D4A5724-80x60.jpg) 0 0 no-repeat;\r\n                    }\r\n                    #tdi_1  .td-doubleSlider-2 .td-item28 {\r\n                        background: url(https:\/\/hef.gov.vn\/wp-content\/uploads\/2025\/07\/8D4A5726-80x60.jpg) 0 0 no-repeat;\r\n                    }\r\n                    #tdi_1  .td-doubleSlider-2 .td-item29 {\r\n                        background: url(https:\/\/hef.gov.vn\/wp-content\/uploads\/2025\/07\/8D4A5596-80x60.jpg) 0 0 no-repeat;\r\n                    }\r\n                    #tdi_1  .td-doubleSlider-2 .td-item30 {\r\n                        background: url(https:\/\/hef.gov.vn\/wp-content\/uploads\/2025\/07\/8D4A5612-80x60.jpg) 0 0 no-repeat;\r\n                    }\r\n                    #tdi_1  .td-doubleSlider-2 .td-item31 {\r\n                        background: url(https:\/\/hef.gov.vn\/wp-content\/uploads\/2025\/07\/8D4A5660-80x60.jpg) 0 0 no-repeat;\r\n                    }\r\n                    #tdi_1  .td-doubleSlider-2 .td-item32 {\r\n                        background: url(https:\/\/hef.gov.vn\/wp-content\/uploads\/2025\/07\/8D4A5671-80x60.jpg) 0 0 no-repeat;\r\n                    }\r\n                    #tdi_1  .td-doubleSlider-2 .td-item33 {\r\n                        background: url(https:\/\/hef.gov.vn\/wp-content\/uploads\/2025\/07\/8D4A5695-80x60.jpg) 0 0 no-repeat;\r\n                    }\r\n                    #tdi_1  .td-doubleSlider-2 .td-item34 {\r\n                        background: url(https:\/\/hef.gov.vn\/wp-content\/uploads\/2025\/07\/8D4A5576-80x60.jpg) 0 0 no-repeat;\r\n                    }\r\n                    #tdi_1  .td-doubleSlider-2 .td-item35 {\r\n                        background: url(https:\/\/hef.gov.vn\/wp-content\/uploads\/2025\/07\/8D4A5588-80x60.jpg) 0 0 no-repeat;\r\n                    }\r\n                    #tdi_1  .td-doubleSlider-2 .td-item36 {\r\n                        background: url(https:\/\/hef.gov.vn\/wp-content\/uploads\/2025\/07\/8D4A5592-80x60.jpg) 0 0 no-repeat;\r\n                    }\r\n                    #tdi_1  .td-doubleSlider-2 .td-item37 {\r\n                        background: url(https:\/\/hef.gov.vn\/wp-content\/uploads\/2025\/07\/8D4A5593-80x60.jpg) 0 0 no-repeat;\r\n                    }\r\n                    #tdi_1  .td-doubleSlider-2 .td-item38 {\r\n                        background: url(https:\/\/hef.gov.vn\/wp-content\/uploads\/2025\/07\/8D4A5595-80x60.jpg) 0 0 no-repeat;\r\n                    }\r\n                    #tdi_1  .td-doubleSlider-2 .td-item39 {\r\n                        background: url(https:\/\/hef.gov.vn\/wp-content\/uploads\/2025\/07\/8D4A5527-80x60.jpg) 0 0 no-repeat;\r\n                    }\r\n                    #tdi_1  .td-doubleSlider-2 .td-item40 {\r\n                        background: url(https:\/\/hef.gov.vn\/wp-content\/uploads\/2025\/07\/8D4A5534-80x60.jpg) 0 0 no-repeat;\r\n                    }\r\n                    #tdi_1  .td-doubleSlider-2 .td-item41 {\r\n                        background: url(https:\/\/hef.gov.vn\/wp-content\/uploads\/2025\/07\/8D4A5540-80x60.jpg) 0 0 no-repeat;\r\n                    }\r\n                    #tdi_1  .td-doubleSlider-2 .td-item42 {\r\n                        background: url(https:\/\/hef.gov.vn\/wp-content\/uploads\/2025\/07\/8D4A5566-80x60.jpg) 0 0 no-repeat;\r\n                    }\r\n                    #tdi_1  .td-doubleSlider-2 .td-item43 {\r\n                        background: url(https:\/\/hef.gov.vn\/wp-content\/uploads\/2025\/07\/8D4A5387-80x60.jpg) 0 0 no-repeat;\r\n                    }\r\n                    #tdi_1  .td-doubleSlider-2 .td-item44 {\r\n                        background: url(https:\/\/hef.gov.vn\/wp-content\/uploads\/2025\/07\/8D4A5456-80x60.jpg) 0 0 no-repeat;\r\n                    }\r\n                <\/style>\r\n\r\n                <div id=\"tdi_1\" class=\"td-gallery td-slide-on-2-columns\">\r\n                    <div class=\"post_td_gallery\">\r\n                        <div class=\"td-gallery-slide-top\">\r\n                           <div class=\"td-gallery-title\">H\u00ecnh \u1ea3nh: L\u1ec5 kh\u00e1nh th\u00e0nh Trung t\u00e2m C\u00e1ch m\u1ea1ng C\u00f4ng nghi\u1ec7p l\u1ea7n th\u1ee9 4 t\u1ea1i TP.HCM<\/div>\r\n\r\n                            <div class=\"td-gallery-controls-wrapper\">\r\n                                <div class=\"td-gallery-slide-count\"><span class=\"td-gallery-slide-item-focus\">1<\/span> of 45<\/div>\r\n                                <div class=\"td-gallery-slide-prev-next-but\">\r\n                                    <i class = \"td-icon-left doubleSliderPrevButton\"><\/i>\r\n                                    <i class = \"td-icon-right doubleSliderNextButton\"><\/i>\r\n                                <\/div>\r\n                            <\/div>\r\n                        <\/div>\r\n\r\n                        <div class = \"td-doubleSlider-1\">\r\n                            <div class = \"td-slider\">\r\n                                \r\n                    <div class = \"td-slide-item td-item1\">\r\n                        <figure class=\"td-slide-galery-figure td-slide-popup-gallery\">\r\n                            <a class=\"slide-gallery-image-link\" href=\"https:\/\/hef.gov.vn\/wp-content\/uploads\/2025\/07\/IMG_9328.jpg\" title=\"\"  data-caption=\"\"  data-description=\"\">\r\n                                <img decoding=\"async\" src=\"https:\/\/hef.gov.vn\/wp-content\/uploads\/2025\/07\/IMG_9328-280x420.jpg\" srcset=\"https:\/\/hef.gov.vn\/wp-content\/uploads\/2025\/07\/IMG_9328-280x420.jpg 280w, https:\/\/hef.gov.vn\/wp-content\/uploads\/2025\/07\/IMG_9328-200x300.jpg 200w, https:\/\/hef.gov.vn\/wp-content\/uploads\/2025\/07\/IMG_9328-683x1024.jpg 683w, https:\/\/hef.gov.vn\/wp-content\/uploads\/2025\/07\/IMG_9328-768x1152.jpg 768w, https:\/\/hef.gov.vn\/wp-content\/uploads\/2025\/07\/IMG_9328-1024x1536.jpg 1024w, https:\/\/hef.gov.vn\/wp-content\/uploads\/2025\/07\/IMG_9328-8x12.jpg 8w, https:\/\/hef.gov.vn\/wp-content\/uploads\/2025\/07\/IMG_9328-150x225.jpg 150w, https:\/\/hef.gov.vn\/wp-content\/uploads\/2025\/07\/IMG_9328-300x450.jpg 300w, https:\/\/hef.gov.vn\/wp-content\/uploads\/2025\/07\/IMG_9328-696x1044.jpg 696w, https:\/\/hef.gov.vn\/wp-content\/uploads\/2025\/07\/IMG_9328-1068x1602.jpg 1068w, https:\/\/hef.gov.vn\/wp-content\/uploads\/2025\/07\/IMG_9328.jpg 1200w\" sizes=\"(max-width: 280px) 100vw, 280px\" alt=\"Photo: The opening ceremony of the Vietnam C4IR\">\r\n                            <\/a>\r\n                            \r\n                        <\/figure>\r\n                    <\/div>\r\n                    <div class = \"td-slide-item td-item2\">\r\n                        <figure class=\"td-slide-galery-figure td-slide-popup-gallery\">\r\n                            <a class=\"slide-gallery-image-link\" href=\"https:\/\/hef.gov.vn\/wp-content\/uploads\/2025\/07\/IMG_9483.jpg\" title=\"\"  data-caption=\"\"  data-description=\"\">\r\n                                <img decoding=\"async\" src=\"https:\/\/hef.gov.vn\/wp-content\/uploads\/2025\/07\/IMG_9483-630x420.jpg\" srcset=\"https:\/\/hef.gov.vn\/wp-content\/uploads\/2025\/07\/IMG_9483-630x420.jpg 630w, https:\/\/hef.gov.vn\/wp-content\/uploads\/2025\/07\/IMG_9483-300x200.jpg 300w, https:\/\/hef.gov.vn\/wp-content\/uploads\/2025\/07\/IMG_9483-1024x683.jpg 1024w, https:\/\/hef.gov.vn\/wp-content\/uploads\/2025\/07\/IMG_9483-768x512.jpg 768w, https:\/\/hef.gov.vn\/wp-content\/uploads\/2025\/07\/IMG_9483-18x12.jpg 18w, https:\/\/hef.gov.vn\/wp-content\/uploads\/2025\/07\/IMG_9483-150x100.jpg 150w, https:\/\/hef.gov.vn\/wp-content\/uploads\/2025\/07\/IMG_9483-696x464.jpg 696w, https:\/\/hef.gov.vn\/wp-content\/uploads\/2025\/07\/IMG_9483-1068x712.jpg 1068w, https:\/\/hef.gov.vn\/wp-content\/uploads\/2025\/07\/IMG_9483.jpg 1200w\" sizes=\"(max-width: 630px) 100vw, 630px\" alt=\"Photo: The opening ceremony of the Vietnam C4IR\">\r\n                            <\/a>\r\n                            \r\n                        <\/figure>\r\n                    <\/div>\r\n                    <div class = \"td-slide-item td-item3\">\r\n                        <figure class=\"td-slide-galery-figure td-slide-popup-gallery\">\r\n                            <a class=\"slide-gallery-image-link\" href=\"https:\/\/hef.gov.vn\/wp-content\/uploads\/2025\/07\/IMG_9489.jpg\" title=\"\"  data-caption=\"\"  data-description=\"\">\r\n                                <img decoding=\"async\" src=\"https:\/\/hef.gov.vn\/wp-content\/uploads\/2025\/07\/IMG_9489-280x420.jpg\" srcset=\"https:\/\/hef.gov.vn\/wp-content\/uploads\/2025\/07\/IMG_9489-280x420.jpg 280w, https:\/\/hef.gov.vn\/wp-content\/uploads\/2025\/07\/IMG_9489-200x300.jpg 200w, https:\/\/hef.gov.vn\/wp-content\/uploads\/2025\/07\/IMG_9489-683x1024.jpg 683w, https:\/\/hef.gov.vn\/wp-content\/uploads\/2025\/07\/IMG_9489-768x1152.jpg 768w, https:\/\/hef.gov.vn\/wp-content\/uploads\/2025\/07\/IMG_9489-1024x1536.jpg 1024w, https:\/\/hef.gov.vn\/wp-content\/uploads\/2025\/07\/IMG_9489-8x12.jpg 8w, https:\/\/hef.gov.vn\/wp-content\/uploads\/2025\/07\/IMG_9489-150x225.jpg 150w, https:\/\/hef.gov.vn\/wp-content\/uploads\/2025\/07\/IMG_9489-300x450.jpg 300w, https:\/\/hef.gov.vn\/wp-content\/uploads\/2025\/07\/IMG_9489-696x1044.jpg 696w, https:\/\/hef.gov.vn\/wp-content\/uploads\/2025\/07\/IMG_9489-1068x1602.jpg 1068w, https:\/\/hef.gov.vn\/wp-content\/uploads\/2025\/07\/IMG_9489.jpg 1200w\" sizes=\"(max-width: 280px) 100vw, 280px\" alt=\"Photo: The opening ceremony of the Vietnam C4IR\">\r\n                            <\/a>\r\n                            \r\n                        <\/figure>\r\n                    <\/div>\r\n                    <div class = \"td-slide-item td-item4\">\r\n                        <figure class=\"td-slide-galery-figure td-slide-popup-gallery\">\r\n                            <a class=\"slide-gallery-image-link\" href=\"https:\/\/hef.gov.vn\/wp-content\/uploads\/2025\/07\/IMG_9493.jpg\" title=\"\"  data-caption=\"\"  data-description=\"\">\r\n                                <img decoding=\"async\" src=\"https:\/\/hef.gov.vn\/wp-content\/uploads\/2025\/07\/IMG_9493-280x420.jpg\" srcset=\"https:\/\/hef.gov.vn\/wp-content\/uploads\/2025\/07\/IMG_9493-280x420.jpg 280w, https:\/\/hef.gov.vn\/wp-content\/uploads\/2025\/07\/IMG_9493-200x300.jpg 200w, https:\/\/hef.gov.vn\/wp-content\/uploads\/2025\/07\/IMG_9493-683x1024.jpg 683w, https:\/\/hef.gov.vn\/wp-content\/uploads\/2025\/07\/IMG_9493-768x1152.jpg 768w, https:\/\/hef.gov.vn\/wp-content\/uploads\/2025\/07\/IMG_9493-1024x1536.jpg 1024w, https:\/\/hef.gov.vn\/wp-content\/uploads\/2025\/07\/IMG_9493-8x12.jpg 8w, https:\/\/hef.gov.vn\/wp-content\/uploads\/2025\/07\/IMG_9493-150x225.jpg 150w, https:\/\/hef.gov.vn\/wp-content\/uploads\/2025\/07\/IMG_9493-300x450.jpg 300w, https:\/\/hef.gov.vn\/wp-content\/uploads\/2025\/07\/IMG_9493-696x1044.jpg 696w, https:\/\/hef.gov.vn\/wp-content\/uploads\/2025\/07\/IMG_9493-1068x1602.jpg 1068w, https:\/\/hef.gov.vn\/wp-content\/uploads\/2025\/07\/IMG_9493.jpg 1200w\" sizes=\"(max-width: 280px) 100vw, 280px\" alt=\"Photo: The opening ceremony of the Vietnam C4IR\">\r\n                            <\/a>\r\n                            \r\n                        <\/figure>\r\n                    <\/div>\r\n                    <div class = \"td-slide-item td-item5\">\r\n                        <figure class=\"td-slide-galery-figure td-slide-popup-gallery\">\r\n                            <a class=\"slide-gallery-image-link\" href=\"https:\/\/hef.gov.vn\/wp-content\/uploads\/2025\/07\/IMG_9321.jpg\" title=\"\"  data-caption=\"\"  data-description=\"\">\r\n                                <img decoding=\"async\" src=\"https:\/\/hef.gov.vn\/wp-content\/uploads\/2025\/07\/IMG_9321-280x420.jpg\" srcset=\"https:\/\/hef.gov.vn\/wp-content\/uploads\/2025\/07\/IMG_9321-280x420.jpg 280w, https:\/\/hef.gov.vn\/wp-content\/uploads\/2025\/07\/IMG_9321-200x300.jpg 200w, https:\/\/hef.gov.vn\/wp-content\/uploads\/2025\/07\/IMG_9321-683x1024.jpg 683w, https:\/\/hef.gov.vn\/wp-content\/uploads\/2025\/07\/IMG_9321-768x1152.jpg 768w, https:\/\/hef.gov.vn\/wp-content\/uploads\/2025\/07\/IMG_9321-1024x1536.jpg 1024w, https:\/\/hef.gov.vn\/wp-content\/uploads\/2025\/07\/IMG_9321-8x12.jpg 8w, https:\/\/hef.gov.vn\/wp-content\/uploads\/2025\/07\/IMG_9321-150x225.jpg 150w, https:\/\/hef.gov.vn\/wp-content\/uploads\/2025\/07\/IMG_9321-300x450.jpg 300w, https:\/\/hef.gov.vn\/wp-content\/uploads\/2025\/07\/IMG_9321-696x1044.jpg 696w, https:\/\/hef.gov.vn\/wp-content\/uploads\/2025\/07\/IMG_9321-1068x1602.jpg 1068w, https:\/\/hef.gov.vn\/wp-content\/uploads\/2025\/07\/IMG_9321.jpg 1200w\" sizes=\"(max-width: 280px) 100vw, 280px\" alt=\"Photo: The opening ceremony of the Vietnam C4IR\">\r\n                            <\/a>\r\n                            \r\n                        <\/figure>\r\n                    <\/div>\r\n                    <div class = \"td-slide-item td-item6\">\r\n                        <figure class=\"td-slide-galery-figure td-slide-popup-gallery\">\r\n                            <a class=\"slide-gallery-image-link\" href=\"https:\/\/hef.gov.vn\/wp-content\/uploads\/2025\/07\/IMG_9332.jpg\" title=\"\"  data-caption=\"\"  data-description=\"\">\r\n                                <img decoding=\"async\" src=\"https:\/\/hef.gov.vn\/wp-content\/uploads\/2025\/07\/IMG_9332-280x420.jpg\" srcset=\"https:\/\/hef.gov.vn\/wp-content\/uploads\/2025\/07\/IMG_9332-280x420.jpg 280w, https:\/\/hef.gov.vn\/wp-content\/uploads\/2025\/07\/IMG_9332-200x300.jpg 200w, https:\/\/hef.gov.vn\/wp-content\/uploads\/2025\/07\/IMG_9332-683x1024.jpg 683w, https:\/\/hef.gov.vn\/wp-content\/uploads\/2025\/07\/IMG_9332-768x1152.jpg 768w, https:\/\/hef.gov.vn\/wp-content\/uploads\/2025\/07\/IMG_9332-1024x1536.jpg 1024w, https:\/\/hef.gov.vn\/wp-content\/uploads\/2025\/07\/IMG_9332-8x12.jpg 8w, https:\/\/hef.gov.vn\/wp-content\/uploads\/2025\/07\/IMG_9332-150x225.jpg 150w, https:\/\/hef.gov.vn\/wp-content\/uploads\/2025\/07\/IMG_9332-300x450.jpg 300w, https:\/\/hef.gov.vn\/wp-content\/uploads\/2025\/07\/IMG_9332-696x1044.jpg 696w, https:\/\/hef.gov.vn\/wp-content\/uploads\/2025\/07\/IMG_9332-1068x1602.jpg 1068w, https:\/\/hef.gov.vn\/wp-content\/uploads\/2025\/07\/IMG_9332.jpg 1200w\" sizes=\"(max-width: 280px) 100vw, 280px\" alt=\"Photo: The opening ceremony of the Vietnam C4IR\">\r\n                            <\/a>\r\n                            \r\n                        <\/figure>\r\n                    <\/div>\r\n                    <div class = \"td-slide-item td-item7\">\r\n                        <figure class=\"td-slide-galery-figure td-slide-popup-gallery\">\r\n                            <a class=\"slide-gallery-image-link\" href=\"https:\/\/hef.gov.vn\/wp-content\/uploads\/2025\/07\/z6159444240376_11a5c6d8af4b5a6ed196250a53a5a632.jpg\" title=\"\"  data-caption=\"\"  data-description=\"\">\r\n                                <img decoding=\"async\" src=\"https:\/\/hef.gov.vn\/wp-content\/uploads\/2025\/07\/z6159444240376_11a5c6d8af4b5a6ed196250a53a5a632-746x420.jpg\" srcset=\"https:\/\/hef.gov.vn\/wp-content\/uploads\/2025\/07\/z6159444240376_11a5c6d8af4b5a6ed196250a53a5a632-746x420.jpg 746w, https:\/\/hef.gov.vn\/wp-content\/uploads\/2025\/07\/z6159444240376_11a5c6d8af4b5a6ed196250a53a5a632-300x169.jpg 300w, https:\/\/hef.gov.vn\/wp-content\/uploads\/2025\/07\/z6159444240376_11a5c6d8af4b5a6ed196250a53a5a632-1024x577.jpg 1024w, https:\/\/hef.gov.vn\/wp-content\/uploads\/2025\/07\/z6159444240376_11a5c6d8af4b5a6ed196250a53a5a632-768x433.jpg 768w, https:\/\/hef.gov.vn\/wp-content\/uploads\/2025\/07\/z6159444240376_11a5c6d8af4b5a6ed196250a53a5a632-18x10.jpg 18w, https:\/\/hef.gov.vn\/wp-content\/uploads\/2025\/07\/z6159444240376_11a5c6d8af4b5a6ed196250a53a5a632-150x85.jpg 150w, https:\/\/hef.gov.vn\/wp-content\/uploads\/2025\/07\/z6159444240376_11a5c6d8af4b5a6ed196250a53a5a632-696x392.jpg 696w, https:\/\/hef.gov.vn\/wp-content\/uploads\/2025\/07\/z6159444240376_11a5c6d8af4b5a6ed196250a53a5a632-1068x602.jpg 1068w, https:\/\/hef.gov.vn\/wp-content\/uploads\/2025\/07\/z6159444240376_11a5c6d8af4b5a6ed196250a53a5a632.jpg 1200w\" sizes=\"(max-width: 746px) 100vw, 746px\" alt=\"Photo: The opening ceremony of the Vietnam C4IR\">\r\n                            <\/a>\r\n                            \r\n                        <\/figure>\r\n                    <\/div>\r\n                    <div class = \"td-slide-item td-item8\">\r\n                        <figure class=\"td-slide-galery-figure td-slide-popup-gallery\">\r\n                            <a class=\"slide-gallery-image-link\" href=\"https:\/\/hef.gov.vn\/wp-content\/uploads\/2025\/07\/z6159579661477_bffb1e74ff8b68bad84c0129e7cac980.jpg\" title=\"\"  data-caption=\"\"  data-description=\"\">\r\n                                <img decoding=\"async\" src=\"https:\/\/hef.gov.vn\/wp-content\/uploads\/2025\/07\/z6159579661477_bffb1e74ff8b68bad84c0129e7cac980-290x420.jpg\" srcset=\"https:\/\/hef.gov.vn\/wp-content\/uploads\/2025\/07\/z6159579661477_bffb1e74ff8b68bad84c0129e7cac980-290x420.jpg 290w, https:\/\/hef.gov.vn\/wp-content\/uploads\/2025\/07\/z6159579661477_bffb1e74ff8b68bad84c0129e7cac980-207x300.jpg 207w, https:\/\/hef.gov.vn\/wp-content\/uploads\/2025\/07\/z6159579661477_bffb1e74ff8b68bad84c0129e7cac980-707x1024.jpg 707w, https:\/\/hef.gov.vn\/wp-content\/uploads\/2025\/07\/z6159579661477_bffb1e74ff8b68bad84c0129e7cac980-768x1112.jpg 768w, https:\/\/hef.gov.vn\/wp-content\/uploads\/2025\/07\/z6159579661477_bffb1e74ff8b68bad84c0129e7cac980-1061x1536.jpg 1061w, https:\/\/hef.gov.vn\/wp-content\/uploads\/2025\/07\/z6159579661477_bffb1e74ff8b68bad84c0129e7cac980-8x12.jpg 8w, https:\/\/hef.gov.vn\/wp-content\/uploads\/2025\/07\/z6159579661477_bffb1e74ff8b68bad84c0129e7cac980-150x217.jpg 150w, https:\/\/hef.gov.vn\/wp-content\/uploads\/2025\/07\/z6159579661477_bffb1e74ff8b68bad84c0129e7cac980-300x434.jpg 300w, https:\/\/hef.gov.vn\/wp-content\/uploads\/2025\/07\/z6159579661477_bffb1e74ff8b68bad84c0129e7cac980-696x1007.jpg 696w, https:\/\/hef.gov.vn\/wp-content\/uploads\/2025\/07\/z6159579661477_bffb1e74ff8b68bad84c0129e7cac980-1068x1546.jpg 1068w, https:\/\/hef.gov.vn\/wp-content\/uploads\/2025\/07\/z6159579661477_bffb1e74ff8b68bad84c0129e7cac980.jpg 1200w\" sizes=\"(max-width: 290px) 100vw, 290px\" alt=\"Photo: The opening ceremony of the Vietnam C4IR\">\r\n                            <\/a>\r\n                            \r\n                        <\/figure>\r\n                    <\/div>\r\n                    <div class = \"td-slide-item td-item9\">\r\n                        <figure class=\"td-slide-galery-figure td-slide-popup-gallery\">\r\n                            <a class=\"slide-gallery-image-link\" href=\"https:\/\/hef.gov.vn\/wp-content\/uploads\/2025\/07\/z6159579668249_2883f87c2acbd649a2d985d58a1119f5.jpg\" title=\"\"  data-caption=\"\"  data-description=\"\">\r\n                                <img decoding=\"async\" src=\"https:\/\/hef.gov.vn\/wp-content\/uploads\/2025\/07\/z6159579668249_2883f87c2acbd649a2d985d58a1119f5-694x420.jpg\" srcset=\"https:\/\/hef.gov.vn\/wp-content\/uploads\/2025\/07\/z6159579668249_2883f87c2acbd649a2d985d58a1119f5-694x420.jpg 694w, https:\/\/hef.gov.vn\/wp-content\/uploads\/2025\/07\/z6159579668249_2883f87c2acbd649a2d985d58a1119f5-300x182.jpg 300w, https:\/\/hef.gov.vn\/wp-content\/uploads\/2025\/07\/z6159579668249_2883f87c2acbd649a2d985d58a1119f5-1024x620.jpg 1024w, https:\/\/hef.gov.vn\/wp-content\/uploads\/2025\/07\/z6159579668249_2883f87c2acbd649a2d985d58a1119f5-768x465.jpg 768w, https:\/\/hef.gov.vn\/wp-content\/uploads\/2025\/07\/z6159579668249_2883f87c2acbd649a2d985d58a1119f5-18x12.jpg 18w, https:\/\/hef.gov.vn\/wp-content\/uploads\/2025\/07\/z6159579668249_2883f87c2acbd649a2d985d58a1119f5-150x91.jpg 150w, https:\/\/hef.gov.vn\/wp-content\/uploads\/2025\/07\/z6159579668249_2883f87c2acbd649a2d985d58a1119f5-696x421.jpg 696w, https:\/\/hef.gov.vn\/wp-content\/uploads\/2025\/07\/z6159579668249_2883f87c2acbd649a2d985d58a1119f5-1068x646.jpg 1068w, https:\/\/hef.gov.vn\/wp-content\/uploads\/2025\/07\/z6159579668249_2883f87c2acbd649a2d985d58a1119f5.jpg 1200w\" sizes=\"(max-width: 694px) 100vw, 694px\" alt=\"Photo: The opening ceremony of the Vietnam C4IR\">\r\n                            <\/a>\r\n                            \r\n                        <\/figure>\r\n                    <\/div>\r\n                    <div class = \"td-slide-item td-item10\">\r\n                        <figure class=\"td-slide-galery-figure td-slide-popup-gallery\">\r\n                            <a class=\"slide-gallery-image-link\" href=\"https:\/\/hef.gov.vn\/wp-content\/uploads\/2025\/07\/IMG_9299.jpg\" title=\"\"  data-caption=\"\"  data-description=\"\">\r\n                                <img decoding=\"async\" src=\"https:\/\/hef.gov.vn\/wp-content\/uploads\/2025\/07\/IMG_9299-630x420.jpg\" srcset=\"https:\/\/hef.gov.vn\/wp-content\/uploads\/2025\/07\/IMG_9299-630x420.jpg 630w, https:\/\/hef.gov.vn\/wp-content\/uploads\/2025\/07\/IMG_9299-300x200.jpg 300w, https:\/\/hef.gov.vn\/wp-content\/uploads\/2025\/07\/IMG_9299-1024x683.jpg 1024w, https:\/\/hef.gov.vn\/wp-content\/uploads\/2025\/07\/IMG_9299-768x512.jpg 768w, https:\/\/hef.gov.vn\/wp-content\/uploads\/2025\/07\/IMG_9299-18x12.jpg 18w, https:\/\/hef.gov.vn\/wp-content\/uploads\/2025\/07\/IMG_9299-150x100.jpg 150w, https:\/\/hef.gov.vn\/wp-content\/uploads\/2025\/07\/IMG_9299-696x464.jpg 696w, https:\/\/hef.gov.vn\/wp-content\/uploads\/2025\/07\/IMG_9299-1068x712.jpg 1068w, https:\/\/hef.gov.vn\/wp-content\/uploads\/2025\/07\/IMG_9299.jpg 1200w\" sizes=\"(max-width: 630px) 100vw, 630px\" alt=\"Photo: The opening ceremony of the Vietnam C4IR\">\r\n                            <\/a>\r\n                            \r\n                        <\/figure>\r\n                    <\/div>\r\n                    <div class = \"td-slide-item td-item11\">\r\n                        <figure class=\"td-slide-galery-figure td-slide-popup-gallery\">\r\n                            <a class=\"slide-gallery-image-link\" href=\"https:\/\/hef.gov.vn\/wp-content\/uploads\/2025\/07\/IMG_9301.jpg\" title=\"\"  data-caption=\"\"  data-description=\"\">\r\n                                <img decoding=\"async\" src=\"https:\/\/hef.gov.vn\/wp-content\/uploads\/2025\/07\/IMG_9301-630x420.jpg\" srcset=\"https:\/\/hef.gov.vn\/wp-content\/uploads\/2025\/07\/IMG_9301-630x420.jpg 630w, https:\/\/hef.gov.vn\/wp-content\/uploads\/2025\/07\/IMG_9301-300x200.jpg 300w, https:\/\/hef.gov.vn\/wp-content\/uploads\/2025\/07\/IMG_9301-1024x683.jpg 1024w, https:\/\/hef.gov.vn\/wp-content\/uploads\/2025\/07\/IMG_9301-768x512.jpg 768w, https:\/\/hef.gov.vn\/wp-content\/uploads\/2025\/07\/IMG_9301-18x12.jpg 18w, https:\/\/hef.gov.vn\/wp-content\/uploads\/2025\/07\/IMG_9301-150x100.jpg 150w, https:\/\/hef.gov.vn\/wp-content\/uploads\/2025\/07\/IMG_9301-696x464.jpg 696w, https:\/\/hef.gov.vn\/wp-content\/uploads\/2025\/07\/IMG_9301-1068x712.jpg 1068w, https:\/\/hef.gov.vn\/wp-content\/uploads\/2025\/07\/IMG_9301.jpg 1200w\" sizes=\"(max-width: 630px) 100vw, 630px\" alt=\"Photo: The opening ceremony of the Vietnam C4IR\">\r\n                            <\/a>\r\n                            \r\n                        <\/figure>\r\n                    <\/div>\r\n                    <div class = \"td-slide-item td-item12\">\r\n                        <figure class=\"td-slide-galery-figure td-slide-popup-gallery\">\r\n                            <a class=\"slide-gallery-image-link\" href=\"https:\/\/hef.gov.vn\/wp-content\/uploads\/2025\/07\/IMG_9319.jpg\" title=\"\"  data-caption=\"\"  data-description=\"\">\r\n                                <img decoding=\"async\" src=\"https:\/\/hef.gov.vn\/wp-content\/uploads\/2025\/07\/IMG_9319-280x420.jpg\" srcset=\"https:\/\/hef.gov.vn\/wp-content\/uploads\/2025\/07\/IMG_9319-280x420.jpg 280w, https:\/\/hef.gov.vn\/wp-content\/uploads\/2025\/07\/IMG_9319-200x300.jpg 200w, https:\/\/hef.gov.vn\/wp-content\/uploads\/2025\/07\/IMG_9319-683x1024.jpg 683w, https:\/\/hef.gov.vn\/wp-content\/uploads\/2025\/07\/IMG_9319-768x1152.jpg 768w, https:\/\/hef.gov.vn\/wp-content\/uploads\/2025\/07\/IMG_9319-1024x1536.jpg 1024w, https:\/\/hef.gov.vn\/wp-content\/uploads\/2025\/07\/IMG_9319-8x12.jpg 8w, https:\/\/hef.gov.vn\/wp-content\/uploads\/2025\/07\/IMG_9319-150x225.jpg 150w, https:\/\/hef.gov.vn\/wp-content\/uploads\/2025\/07\/IMG_9319-300x450.jpg 300w, https:\/\/hef.gov.vn\/wp-content\/uploads\/2025\/07\/IMG_9319-696x1044.jpg 696w, https:\/\/hef.gov.vn\/wp-content\/uploads\/2025\/07\/IMG_9319-1068x1602.jpg 1068w, https:\/\/hef.gov.vn\/wp-content\/uploads\/2025\/07\/IMG_9319.jpg 1200w\" sizes=\"(max-width: 280px) 100vw, 280px\" alt=\"Photo: The opening ceremony of the Vietnam C4IR\">\r\n                            <\/a>\r\n                            \r\n                        <\/figure>\r\n                    <\/div>\r\n                    <div class = \"td-slide-item td-item13\">\r\n                        <figure class=\"td-slide-galery-figure td-slide-popup-gallery\">\r\n                            <a class=\"slide-gallery-image-link\" href=\"https:\/\/hef.gov.vn\/wp-content\/uploads\/2025\/07\/9P5A0018.jpg\" title=\"\"  data-caption=\"\"  data-description=\"\">\r\n                                <img decoding=\"async\" src=\"https:\/\/hef.gov.vn\/wp-content\/uploads\/2025\/07\/9P5A0018-612x420.jpg\" srcset=\"https:\/\/hef.gov.vn\/wp-content\/uploads\/2025\/07\/9P5A0018-612x420.jpg 612w, https:\/\/hef.gov.vn\/wp-content\/uploads\/2025\/07\/9P5A0018-300x206.jpg 300w, https:\/\/hef.gov.vn\/wp-content\/uploads\/2025\/07\/9P5A0018-1024x702.jpg 1024w, https:\/\/hef.gov.vn\/wp-content\/uploads\/2025\/07\/9P5A0018-768x527.jpg 768w, https:\/\/hef.gov.vn\/wp-content\/uploads\/2025\/07\/9P5A0018-18x12.jpg 18w, https:\/\/hef.gov.vn\/wp-content\/uploads\/2025\/07\/9P5A0018-150x103.jpg 150w, https:\/\/hef.gov.vn\/wp-content\/uploads\/2025\/07\/9P5A0018-218x150.jpg 218w, https:\/\/hef.gov.vn\/wp-content\/uploads\/2025\/07\/9P5A0018-696x477.jpg 696w, https:\/\/hef.gov.vn\/wp-content\/uploads\/2025\/07\/9P5A0018-1068x732.jpg 1068w, https:\/\/hef.gov.vn\/wp-content\/uploads\/2025\/07\/9P5A0018.jpg 1200w\" sizes=\"(max-width: 612px) 100vw, 612px\" alt=\"Photo: The opening ceremony of the Vietnam C4IR\">\r\n                            <\/a>\r\n                            \r\n                        <\/figure>\r\n                    <\/div>\r\n                    <div class = \"td-slide-item td-item14\">\r\n                        <figure class=\"td-slide-galery-figure td-slide-popup-gallery\">\r\n                            <a class=\"slide-gallery-image-link\" href=\"https:\/\/hef.gov.vn\/wp-content\/uploads\/2025\/07\/9P5A0022-1.jpg\" title=\"\"  data-caption=\"\"  data-description=\"\">\r\n                                <img decoding=\"async\" src=\"https:\/\/hef.gov.vn\/wp-content\/uploads\/2025\/07\/9P5A0022-1-630x420.jpg\" srcset=\"https:\/\/hef.gov.vn\/wp-content\/uploads\/2025\/07\/9P5A0022-1-630x420.jpg 630w, https:\/\/hef.gov.vn\/wp-content\/uploads\/2025\/07\/9P5A0022-1-300x200.jpg 300w, https:\/\/hef.gov.vn\/wp-content\/uploads\/2025\/07\/9P5A0022-1-1024x683.jpg 1024w, https:\/\/hef.gov.vn\/wp-content\/uploads\/2025\/07\/9P5A0022-1-768x512.jpg 768w, https:\/\/hef.gov.vn\/wp-content\/uploads\/2025\/07\/9P5A0022-1-18x12.jpg 18w, https:\/\/hef.gov.vn\/wp-content\/uploads\/2025\/07\/9P5A0022-1-150x100.jpg 150w, https:\/\/hef.gov.vn\/wp-content\/uploads\/2025\/07\/9P5A0022-1-696x464.jpg 696w, https:\/\/hef.gov.vn\/wp-content\/uploads\/2025\/07\/9P5A0022-1-1068x712.jpg 1068w, https:\/\/hef.gov.vn\/wp-content\/uploads\/2025\/07\/9P5A0022-1.jpg 1200w\" sizes=\"(max-width: 630px) 100vw, 630px\" alt=\"Photo: The opening ceremony of the Vietnam C4IR\">\r\n                            <\/a>\r\n                            \r\n                        <\/figure>\r\n                    <\/div>\r\n                    <div class = \"td-slide-item td-item15\">\r\n                        <figure class=\"td-slide-galery-figure td-slide-popup-gallery\">\r\n                            <a class=\"slide-gallery-image-link\" href=\"https:\/\/hef.gov.vn\/wp-content\/uploads\/2025\/07\/IMG_9284.jpg\" title=\"\"  data-caption=\"\"  data-description=\"\">\r\n                                <img decoding=\"async\" src=\"https:\/\/hef.gov.vn\/wp-content\/uploads\/2025\/07\/IMG_9284-280x420.jpg\" srcset=\"https:\/\/hef.gov.vn\/wp-content\/uploads\/2025\/07\/IMG_9284-280x420.jpg 280w, https:\/\/hef.gov.vn\/wp-content\/uploads\/2025\/07\/IMG_9284-200x300.jpg 200w, https:\/\/hef.gov.vn\/wp-content\/uploads\/2025\/07\/IMG_9284-683x1024.jpg 683w, https:\/\/hef.gov.vn\/wp-content\/uploads\/2025\/07\/IMG_9284-768x1152.jpg 768w, https:\/\/hef.gov.vn\/wp-content\/uploads\/2025\/07\/IMG_9284-1024x1536.jpg 1024w, https:\/\/hef.gov.vn\/wp-content\/uploads\/2025\/07\/IMG_9284-8x12.jpg 8w, https:\/\/hef.gov.vn\/wp-content\/uploads\/2025\/07\/IMG_9284-150x225.jpg 150w, https:\/\/hef.gov.vn\/wp-content\/uploads\/2025\/07\/IMG_9284-300x450.jpg 300w, https:\/\/hef.gov.vn\/wp-content\/uploads\/2025\/07\/IMG_9284-696x1044.jpg 696w, https:\/\/hef.gov.vn\/wp-content\/uploads\/2025\/07\/IMG_9284-1068x1602.jpg 1068w, https:\/\/hef.gov.vn\/wp-content\/uploads\/2025\/07\/IMG_9284.jpg 1200w\" sizes=\"(max-width: 280px) 100vw, 280px\" alt=\"Photo: The opening ceremony of the Vietnam C4IR\">\r\n                            <\/a>\r\n                            \r\n                        <\/figure>\r\n                    <\/div>\r\n                    <div class = \"td-slide-item td-item16\">\r\n                        <figure class=\"td-slide-galery-figure td-slide-popup-gallery\">\r\n                            <a class=\"slide-gallery-image-link\" href=\"https:\/\/hef.gov.vn\/wp-content\/uploads\/2025\/07\/9P5A0004.jpg\" title=\"\"  data-caption=\"\"  data-description=\"\">\r\n                                <img decoding=\"async\" src=\"https:\/\/hef.gov.vn\/wp-content\/uploads\/2025\/07\/9P5A0004-330x420.jpg\" srcset=\"https:\/\/hef.gov.vn\/wp-content\/uploads\/2025\/07\/9P5A0004-330x420.jpg 330w, https:\/\/hef.gov.vn\/wp-content\/uploads\/2025\/07\/9P5A0004-236x300.jpg 236w, https:\/\/hef.gov.vn\/wp-content\/uploads\/2025\/07\/9P5A0004-805x1024.jpg 805w, https:\/\/hef.gov.vn\/wp-content\/uploads\/2025\/07\/9P5A0004-768x977.jpg 768w, https:\/\/hef.gov.vn\/wp-content\/uploads\/2025\/07\/9P5A0004-9x12.jpg 9w, https:\/\/hef.gov.vn\/wp-content\/uploads\/2025\/07\/9P5A0004-150x191.jpg 150w, https:\/\/hef.gov.vn\/wp-content\/uploads\/2025\/07\/9P5A0004-300x382.jpg 300w, https:\/\/hef.gov.vn\/wp-content\/uploads\/2025\/07\/9P5A0004-696x886.jpg 696w, https:\/\/hef.gov.vn\/wp-content\/uploads\/2025\/07\/9P5A0004-1068x1359.jpg 1068w, https:\/\/hef.gov.vn\/wp-content\/uploads\/2025\/07\/9P5A0004.jpg 1200w\" sizes=\"(max-width: 330px) 100vw, 330px\" alt=\"Photo: The opening ceremony of the Vietnam C4IR\">\r\n                            <\/a>\r\n                            \r\n                        <\/figure>\r\n                    <\/div>\r\n                    <div class = \"td-slide-item td-item17\">\r\n                        <figure class=\"td-slide-galery-figure td-slide-popup-gallery\">\r\n                            <a class=\"slide-gallery-image-link\" href=\"https:\/\/hef.gov.vn\/wp-content\/uploads\/2025\/07\/9P5A9996.jpg\" title=\"\"  data-caption=\"\"  data-description=\"\">\r\n                                <img decoding=\"async\" src=\"https:\/\/hef.gov.vn\/wp-content\/uploads\/2025\/07\/9P5A9996-280x420.jpg\" srcset=\"https:\/\/hef.gov.vn\/wp-content\/uploads\/2025\/07\/9P5A9996-280x420.jpg 280w, https:\/\/hef.gov.vn\/wp-content\/uploads\/2025\/07\/9P5A9996-200x300.jpg 200w, https:\/\/hef.gov.vn\/wp-content\/uploads\/2025\/07\/9P5A9996-683x1024.jpg 683w, https:\/\/hef.gov.vn\/wp-content\/uploads\/2025\/07\/9P5A9996-768x1152.jpg 768w, https:\/\/hef.gov.vn\/wp-content\/uploads\/2025\/07\/9P5A9996-1024x1536.jpg 1024w, https:\/\/hef.gov.vn\/wp-content\/uploads\/2025\/07\/9P5A9996-8x12.jpg 8w, https:\/\/hef.gov.vn\/wp-content\/uploads\/2025\/07\/9P5A9996-150x225.jpg 150w, https:\/\/hef.gov.vn\/wp-content\/uploads\/2025\/07\/9P5A9996-300x450.jpg 300w, https:\/\/hef.gov.vn\/wp-content\/uploads\/2025\/07\/9P5A9996-696x1044.jpg 696w, https:\/\/hef.gov.vn\/wp-content\/uploads\/2025\/07\/9P5A9996-1068x1602.jpg 1068w, https:\/\/hef.gov.vn\/wp-content\/uploads\/2025\/07\/9P5A9996.jpg 1200w\" sizes=\"(max-width: 280px) 100vw, 280px\" alt=\"Photo: The opening ceremony of the Vietnam C4IR\">\r\n                            <\/a>\r\n                            \r\n                        <\/figure>\r\n                    <\/div>\r\n                    <div class = \"td-slide-item td-item18\">\r\n                        <figure class=\"td-slide-galery-figure td-slide-popup-gallery\">\r\n                            <a class=\"slide-gallery-image-link\" href=\"https:\/\/hef.gov.vn\/wp-content\/uploads\/2025\/07\/8D4A5802.jpg\" title=\"\"  data-caption=\"\"  data-description=\"\">\r\n                                <img decoding=\"async\" src=\"https:\/\/hef.gov.vn\/wp-content\/uploads\/2025\/07\/8D4A5802-630x420.jpg\" srcset=\"https:\/\/hef.gov.vn\/wp-content\/uploads\/2025\/07\/8D4A5802-630x420.jpg 630w, https:\/\/hef.gov.vn\/wp-content\/uploads\/2025\/07\/8D4A5802-300x200.jpg 300w, https:\/\/hef.gov.vn\/wp-content\/uploads\/2025\/07\/8D4A5802-1024x683.jpg 1024w, https:\/\/hef.gov.vn\/wp-content\/uploads\/2025\/07\/8D4A5802-768x512.jpg 768w, https:\/\/hef.gov.vn\/wp-content\/uploads\/2025\/07\/8D4A5802-18x12.jpg 18w, https:\/\/hef.gov.vn\/wp-content\/uploads\/2025\/07\/8D4A5802-150x100.jpg 150w, https:\/\/hef.gov.vn\/wp-content\/uploads\/2025\/07\/8D4A5802-696x464.jpg 696w, https:\/\/hef.gov.vn\/wp-content\/uploads\/2025\/07\/8D4A5802-1068x712.jpg 1068w, https:\/\/hef.gov.vn\/wp-content\/uploads\/2025\/07\/8D4A5802.jpg 1200w\" sizes=\"(max-width: 630px) 100vw, 630px\" alt=\"Photo: The opening ceremony of the Vietnam C4IR\">\r\n                            <\/a>\r\n                            \r\n                        <\/figure>\r\n                    <\/div>\r\n                    <div class = \"td-slide-item td-item19\">\r\n                        <figure class=\"td-slide-galery-figure td-slide-popup-gallery\">\r\n                            <a class=\"slide-gallery-image-link\" href=\"https:\/\/hef.gov.vn\/wp-content\/uploads\/2025\/07\/8D4A5758.jpg\" title=\"\"  data-caption=\"\"  data-description=\"\">\r\n                                <img decoding=\"async\" src=\"https:\/\/hef.gov.vn\/wp-content\/uploads\/2025\/07\/8D4A5758-630x420.jpg\" srcset=\"https:\/\/hef.gov.vn\/wp-content\/uploads\/2025\/07\/8D4A5758-630x420.jpg 630w, https:\/\/hef.gov.vn\/wp-content\/uploads\/2025\/07\/8D4A5758-300x200.jpg 300w, https:\/\/hef.gov.vn\/wp-content\/uploads\/2025\/07\/8D4A5758-1024x683.jpg 1024w, https:\/\/hef.gov.vn\/wp-content\/uploads\/2025\/07\/8D4A5758-768x512.jpg 768w, https:\/\/hef.gov.vn\/wp-content\/uploads\/2025\/07\/8D4A5758-18x12.jpg 18w, https:\/\/hef.gov.vn\/wp-content\/uploads\/2025\/07\/8D4A5758-150x100.jpg 150w, https:\/\/hef.gov.vn\/wp-content\/uploads\/2025\/07\/8D4A5758-696x464.jpg 696w, https:\/\/hef.gov.vn\/wp-content\/uploads\/2025\/07\/8D4A5758-1068x712.jpg 1068w, https:\/\/hef.gov.vn\/wp-content\/uploads\/2025\/07\/8D4A5758.jpg 1200w\" sizes=\"(max-width: 630px) 100vw, 630px\" alt=\"Photo: The opening ceremony of the Vietnam C4IR\">\r\n                            <\/a>\r\n                            \r\n                        <\/figure>\r\n                    <\/div>\r\n                    <div class = \"td-slide-item td-item20\">\r\n                        <figure class=\"td-slide-galery-figure td-slide-popup-gallery\">\r\n                            <a class=\"slide-gallery-image-link\" href=\"https:\/\/hef.gov.vn\/wp-content\/uploads\/2025\/07\/8D4A5762.jpg\" title=\"\"  data-caption=\"\"  data-description=\"\">\r\n                                <img decoding=\"async\" src=\"https:\/\/hef.gov.vn\/wp-content\/uploads\/2025\/07\/8D4A5762-630x420.jpg\" srcset=\"https:\/\/hef.gov.vn\/wp-content\/uploads\/2025\/07\/8D4A5762-630x420.jpg 630w, https:\/\/hef.gov.vn\/wp-content\/uploads\/2025\/07\/8D4A5762-300x200.jpg 300w, https:\/\/hef.gov.vn\/wp-content\/uploads\/2025\/07\/8D4A5762-1024x683.jpg 1024w, https:\/\/hef.gov.vn\/wp-content\/uploads\/2025\/07\/8D4A5762-768x512.jpg 768w, https:\/\/hef.gov.vn\/wp-content\/uploads\/2025\/07\/8D4A5762-18x12.jpg 18w, https:\/\/hef.gov.vn\/wp-content\/uploads\/2025\/07\/8D4A5762-150x100.jpg 150w, https:\/\/hef.gov.vn\/wp-content\/uploads\/2025\/07\/8D4A5762-696x464.jpg 696w, https:\/\/hef.gov.vn\/wp-content\/uploads\/2025\/07\/8D4A5762-1068x712.jpg 1068w, https:\/\/hef.gov.vn\/wp-content\/uploads\/2025\/07\/8D4A5762.jpg 1200w\" sizes=\"(max-width: 630px) 100vw, 630px\" alt=\"Photo: The opening ceremony of the Vietnam C4IR\">\r\n                            <\/a>\r\n                            \r\n                        <\/figure>\r\n                    <\/div>\r\n                    <div class = \"td-slide-item td-item21\">\r\n                        <figure class=\"td-slide-galery-figure td-slide-popup-gallery\">\r\n                            <a class=\"slide-gallery-image-link\" href=\"https:\/\/hef.gov.vn\/wp-content\/uploads\/2025\/07\/8D4A5781.jpg\" title=\"\"  data-caption=\"\"  data-description=\"\">\r\n                                <img decoding=\"async\" src=\"https:\/\/hef.gov.vn\/wp-content\/uploads\/2025\/07\/8D4A5781-630x420.jpg\" srcset=\"https:\/\/hef.gov.vn\/wp-content\/uploads\/2025\/07\/8D4A5781-630x420.jpg 630w, https:\/\/hef.gov.vn\/wp-content\/uploads\/2025\/07\/8D4A5781-300x200.jpg 300w, https:\/\/hef.gov.vn\/wp-content\/uploads\/2025\/07\/8D4A5781-1024x683.jpg 1024w, https:\/\/hef.gov.vn\/wp-content\/uploads\/2025\/07\/8D4A5781-768x512.jpg 768w, https:\/\/hef.gov.vn\/wp-content\/uploads\/2025\/07\/8D4A5781-18x12.jpg 18w, https:\/\/hef.gov.vn\/wp-content\/uploads\/2025\/07\/8D4A5781-150x100.jpg 150w, https:\/\/hef.gov.vn\/wp-content\/uploads\/2025\/07\/8D4A5781-696x464.jpg 696w, https:\/\/hef.gov.vn\/wp-content\/uploads\/2025\/07\/8D4A5781-1068x712.jpg 1068w, https:\/\/hef.gov.vn\/wp-content\/uploads\/2025\/07\/8D4A5781.jpg 1200w\" sizes=\"(max-width: 630px) 100vw, 630px\" alt=\"Photo: The opening ceremony of the Vietnam C4IR\">\r\n                            <\/a>\r\n                            \r\n                        <\/figure>\r\n                    <\/div>\r\n                    <div class = \"td-slide-item td-item22\">\r\n                        <figure class=\"td-slide-galery-figure td-slide-popup-gallery\">\r\n                            <a class=\"slide-gallery-image-link\" href=\"https:\/\/hef.gov.vn\/wp-content\/uploads\/2025\/07\/8D4A5785.jpg\" title=\"8D4A5785\"  data-caption=\"\"  data-description=\"\">\r\n                                <img decoding=\"async\" src=\"https:\/\/hef.gov.vn\/wp-content\/uploads\/2025\/07\/8D4A5785-630x420.jpg\" srcset=\"https:\/\/hef.gov.vn\/wp-content\/uploads\/2025\/07\/8D4A5785-630x420.jpg 630w, https:\/\/hef.gov.vn\/wp-content\/uploads\/2025\/07\/8D4A5785-300x200.jpg 300w, https:\/\/hef.gov.vn\/wp-content\/uploads\/2025\/07\/8D4A5785-1024x683.jpg 1024w, https:\/\/hef.gov.vn\/wp-content\/uploads\/2025\/07\/8D4A5785-768x512.jpg 768w, https:\/\/hef.gov.vn\/wp-content\/uploads\/2025\/07\/8D4A5785-18x12.jpg 18w, https:\/\/hef.gov.vn\/wp-content\/uploads\/2025\/07\/8D4A5785-150x100.jpg 150w, https:\/\/hef.gov.vn\/wp-content\/uploads\/2025\/07\/8D4A5785-696x464.jpg 696w, https:\/\/hef.gov.vn\/wp-content\/uploads\/2025\/07\/8D4A5785-1068x712.jpg 1068w, https:\/\/hef.gov.vn\/wp-content\/uploads\/2025\/07\/8D4A5785.jpg 1200w\" sizes=\"(max-width: 630px) 100vw, 630px\" alt=\"Photo: The opening ceremony of the Vietnam C4IR\">\r\n                            <\/a>\r\n                            \r\n                        <\/figure>\r\n                    <\/div>\r\n                    <div class = \"td-slide-item td-item23\">\r\n                        <figure class=\"td-slide-galery-figure td-slide-popup-gallery\">\r\n                            <a class=\"slide-gallery-image-link\" href=\"https:\/\/hef.gov.vn\/wp-content\/uploads\/2025\/07\/8D4A5796.jpg\" title=\"\"  data-caption=\"\"  data-description=\"\">\r\n                                <img decoding=\"async\" src=\"https:\/\/hef.gov.vn\/wp-content\/uploads\/2025\/07\/8D4A5796-630x420.jpg\" srcset=\"https:\/\/hef.gov.vn\/wp-content\/uploads\/2025\/07\/8D4A5796-630x420.jpg 630w, https:\/\/hef.gov.vn\/wp-content\/uploads\/2025\/07\/8D4A5796-300x200.jpg 300w, https:\/\/hef.gov.vn\/wp-content\/uploads\/2025\/07\/8D4A5796-1024x683.jpg 1024w, https:\/\/hef.gov.vn\/wp-content\/uploads\/2025\/07\/8D4A5796-768x512.jpg 768w, https:\/\/hef.gov.vn\/wp-content\/uploads\/2025\/07\/8D4A5796-18x12.jpg 18w, https:\/\/hef.gov.vn\/wp-content\/uploads\/2025\/07\/8D4A5796-150x100.jpg 150w, https:\/\/hef.gov.vn\/wp-content\/uploads\/2025\/07\/8D4A5796-696x464.jpg 696w, https:\/\/hef.gov.vn\/wp-content\/uploads\/2025\/07\/8D4A5796-1068x712.jpg 1068w, https:\/\/hef.gov.vn\/wp-content\/uploads\/2025\/07\/8D4A5796.jpg 1200w\" sizes=\"(max-width: 630px) 100vw, 630px\" alt=\"Photo: The opening ceremony of the Vietnam C4IR\">\r\n                            <\/a>\r\n                            \r\n                        <\/figure>\r\n                    <\/div>\r\n                    <div class = \"td-slide-item td-item24\">\r\n                        <figure class=\"td-slide-galery-figure td-slide-popup-gallery\">\r\n                            <a class=\"slide-gallery-image-link\" href=\"https:\/\/hef.gov.vn\/wp-content\/uploads\/2025\/07\/8D4A5685.jpg\" title=\"\"  data-caption=\"\"  data-description=\"\">\r\n                                <img decoding=\"async\" src=\"https:\/\/hef.gov.vn\/wp-content\/uploads\/2025\/07\/8D4A5685-630x420.jpg\" srcset=\"https:\/\/hef.gov.vn\/wp-content\/uploads\/2025\/07\/8D4A5685-630x420.jpg 630w, https:\/\/hef.gov.vn\/wp-content\/uploads\/2025\/07\/8D4A5685-300x200.jpg 300w, https:\/\/hef.gov.vn\/wp-content\/uploads\/2025\/07\/8D4A5685-1024x683.jpg 1024w, https:\/\/hef.gov.vn\/wp-content\/uploads\/2025\/07\/8D4A5685-768x512.jpg 768w, https:\/\/hef.gov.vn\/wp-content\/uploads\/2025\/07\/8D4A5685-18x12.jpg 18w, https:\/\/hef.gov.vn\/wp-content\/uploads\/2025\/07\/8D4A5685-150x100.jpg 150w, https:\/\/hef.gov.vn\/wp-content\/uploads\/2025\/07\/8D4A5685-696x464.jpg 696w, https:\/\/hef.gov.vn\/wp-content\/uploads\/2025\/07\/8D4A5685-1068x712.jpg 1068w, https:\/\/hef.gov.vn\/wp-content\/uploads\/2025\/07\/8D4A5685.jpg 1200w\" sizes=\"(max-width: 630px) 100vw, 630px\" alt=\"Photo: The opening ceremony of the Vietnam C4IR\">\r\n                            <\/a>\r\n                            \r\n                        <\/figure>\r\n                    <\/div>\r\n                    <div class = \"td-slide-item td-item25\">\r\n                        <figure class=\"td-slide-galery-figure td-slide-popup-gallery\">\r\n                            <a class=\"slide-gallery-image-link\" href=\"https:\/\/hef.gov.vn\/wp-content\/uploads\/2025\/07\/8D4A5707.jpg\" title=\"\"  data-caption=\"\"  data-description=\"\">\r\n                                <img decoding=\"async\" src=\"https:\/\/hef.gov.vn\/wp-content\/uploads\/2025\/07\/8D4A5707-630x420.jpg\" srcset=\"https:\/\/hef.gov.vn\/wp-content\/uploads\/2025\/07\/8D4A5707-630x420.jpg 630w, https:\/\/hef.gov.vn\/wp-content\/uploads\/2025\/07\/8D4A5707-300x200.jpg 300w, https:\/\/hef.gov.vn\/wp-content\/uploads\/2025\/07\/8D4A5707-1024x683.jpg 1024w, https:\/\/hef.gov.vn\/wp-content\/uploads\/2025\/07\/8D4A5707-768x512.jpg 768w, https:\/\/hef.gov.vn\/wp-content\/uploads\/2025\/07\/8D4A5707-18x12.jpg 18w, https:\/\/hef.gov.vn\/wp-content\/uploads\/2025\/07\/8D4A5707-150x100.jpg 150w, https:\/\/hef.gov.vn\/wp-content\/uploads\/2025\/07\/8D4A5707-696x464.jpg 696w, https:\/\/hef.gov.vn\/wp-content\/uploads\/2025\/07\/8D4A5707-1068x712.jpg 1068w, https:\/\/hef.gov.vn\/wp-content\/uploads\/2025\/07\/8D4A5707.jpg 1200w\" sizes=\"(max-width: 630px) 100vw, 630px\" alt=\"Photo: The opening ceremony of the Vietnam C4IR\">\r\n                            <\/a>\r\n                            \r\n                        <\/figure>\r\n                    <\/div>\r\n                    <div class = \"td-slide-item td-item26\">\r\n                        <figure class=\"td-slide-galery-figure td-slide-popup-gallery\">\r\n                            <a class=\"slide-gallery-image-link\" href=\"https:\/\/hef.gov.vn\/wp-content\/uploads\/2025\/07\/8D4A5722.jpg\" title=\"\"  data-caption=\"\"  data-description=\"\">\r\n                                <img decoding=\"async\" src=\"https:\/\/hef.gov.vn\/wp-content\/uploads\/2025\/07\/8D4A5722-630x420.jpg\" srcset=\"https:\/\/hef.gov.vn\/wp-content\/uploads\/2025\/07\/8D4A5722-630x420.jpg 630w, https:\/\/hef.gov.vn\/wp-content\/uploads\/2025\/07\/8D4A5722-300x200.jpg 300w, https:\/\/hef.gov.vn\/wp-content\/uploads\/2025\/07\/8D4A5722-1024x683.jpg 1024w, https:\/\/hef.gov.vn\/wp-content\/uploads\/2025\/07\/8D4A5722-768x512.jpg 768w, https:\/\/hef.gov.vn\/wp-content\/uploads\/2025\/07\/8D4A5722-18x12.jpg 18w, https:\/\/hef.gov.vn\/wp-content\/uploads\/2025\/07\/8D4A5722-150x100.jpg 150w, https:\/\/hef.gov.vn\/wp-content\/uploads\/2025\/07\/8D4A5722-696x464.jpg 696w, https:\/\/hef.gov.vn\/wp-content\/uploads\/2025\/07\/8D4A5722-1068x712.jpg 1068w, https:\/\/hef.gov.vn\/wp-content\/uploads\/2025\/07\/8D4A5722.jpg 1200w\" sizes=\"(max-width: 630px) 100vw, 630px\" alt=\"Photo: The opening ceremony of the Vietnam C4IR\">\r\n                            <\/a>\r\n                            \r\n                        <\/figure>\r\n                    <\/div>\r\n                    <div class = \"td-slide-item td-item27\">\r\n                        <figure class=\"td-slide-galery-figure td-slide-popup-gallery\">\r\n                            <a class=\"slide-gallery-image-link\" href=\"https:\/\/hef.gov.vn\/wp-content\/uploads\/2025\/07\/8D4A5724.jpg\" title=\"\"  data-caption=\"\"  data-description=\"\">\r\n                                <img decoding=\"async\" src=\"https:\/\/hef.gov.vn\/wp-content\/uploads\/2025\/07\/8D4A5724-630x420.jpg\" srcset=\"https:\/\/hef.gov.vn\/wp-content\/uploads\/2025\/07\/8D4A5724-630x420.jpg 630w, https:\/\/hef.gov.vn\/wp-content\/uploads\/2025\/07\/8D4A5724-300x200.jpg 300w, https:\/\/hef.gov.vn\/wp-content\/uploads\/2025\/07\/8D4A5724-1024x683.jpg 1024w, https:\/\/hef.gov.vn\/wp-content\/uploads\/2025\/07\/8D4A5724-768x512.jpg 768w, https:\/\/hef.gov.vn\/wp-content\/uploads\/2025\/07\/8D4A5724-18x12.jpg 18w, https:\/\/hef.gov.vn\/wp-content\/uploads\/2025\/07\/8D4A5724-150x100.jpg 150w, https:\/\/hef.gov.vn\/wp-content\/uploads\/2025\/07\/8D4A5724-696x464.jpg 696w, https:\/\/hef.gov.vn\/wp-content\/uploads\/2025\/07\/8D4A5724-1068x712.jpg 1068w, https:\/\/hef.gov.vn\/wp-content\/uploads\/2025\/07\/8D4A5724.jpg 1200w\" sizes=\"(max-width: 630px) 100vw, 630px\" alt=\"Photo: The opening ceremony of the Vietnam C4IR\">\r\n                            <\/a>\r\n                            \r\n                        <\/figure>\r\n                    <\/div>\r\n                    <div class = \"td-slide-item td-item28\">\r\n                        <figure class=\"td-slide-galery-figure td-slide-popup-gallery\">\r\n                            <a class=\"slide-gallery-image-link\" href=\"https:\/\/hef.gov.vn\/wp-content\/uploads\/2025\/07\/8D4A5726.jpg\" title=\"\"  data-caption=\"\"  data-description=\"\">\r\n                                <img decoding=\"async\" src=\"https:\/\/hef.gov.vn\/wp-content\/uploads\/2025\/07\/8D4A5726-630x420.jpg\" srcset=\"https:\/\/hef.gov.vn\/wp-content\/uploads\/2025\/07\/8D4A5726-630x420.jpg 630w, https:\/\/hef.gov.vn\/wp-content\/uploads\/2025\/07\/8D4A5726-300x200.jpg 300w, https:\/\/hef.gov.vn\/wp-content\/uploads\/2025\/07\/8D4A5726-1024x683.jpg 1024w, https:\/\/hef.gov.vn\/wp-content\/uploads\/2025\/07\/8D4A5726-768x512.jpg 768w, https:\/\/hef.gov.vn\/wp-content\/uploads\/2025\/07\/8D4A5726-18x12.jpg 18w, https:\/\/hef.gov.vn\/wp-content\/uploads\/2025\/07\/8D4A5726-150x100.jpg 150w, https:\/\/hef.gov.vn\/wp-content\/uploads\/2025\/07\/8D4A5726-696x464.jpg 696w, https:\/\/hef.gov.vn\/wp-content\/uploads\/2025\/07\/8D4A5726-1068x712.jpg 1068w, https:\/\/hef.gov.vn\/wp-content\/uploads\/2025\/07\/8D4A5726.jpg 1200w\" sizes=\"(max-width: 630px) 100vw, 630px\" alt=\"Photo: The opening ceremony of the Vietnam C4IR\">\r\n                            <\/a>\r\n                            \r\n                        <\/figure>\r\n                    <\/div>\r\n                    <div class = \"td-slide-item td-item29\">\r\n                        <figure class=\"td-slide-galery-figure td-slide-popup-gallery\">\r\n                            <a class=\"slide-gallery-image-link\" href=\"https:\/\/hef.gov.vn\/wp-content\/uploads\/2025\/07\/8D4A5596.jpg\" title=\"\"  data-caption=\"\"  data-description=\"\">\r\n                                <img decoding=\"async\" src=\"https:\/\/hef.gov.vn\/wp-content\/uploads\/2025\/07\/8D4A5596-630x420.jpg\" srcset=\"https:\/\/hef.gov.vn\/wp-content\/uploads\/2025\/07\/8D4A5596-630x420.jpg 630w, https:\/\/hef.gov.vn\/wp-content\/uploads\/2025\/07\/8D4A5596-300x200.jpg 300w, https:\/\/hef.gov.vn\/wp-content\/uploads\/2025\/07\/8D4A5596-1024x683.jpg 1024w, https:\/\/hef.gov.vn\/wp-content\/uploads\/2025\/07\/8D4A5596-768x512.jpg 768w, https:\/\/hef.gov.vn\/wp-content\/uploads\/2025\/07\/8D4A5596-18x12.jpg 18w, https:\/\/hef.gov.vn\/wp-content\/uploads\/2025\/07\/8D4A5596-150x100.jpg 150w, https:\/\/hef.gov.vn\/wp-content\/uploads\/2025\/07\/8D4A5596-696x464.jpg 696w, https:\/\/hef.gov.vn\/wp-content\/uploads\/2025\/07\/8D4A5596-1068x712.jpg 1068w, https:\/\/hef.gov.vn\/wp-content\/uploads\/2025\/07\/8D4A5596.jpg 1200w\" sizes=\"(max-width: 630px) 100vw, 630px\" alt=\"Photo: The opening ceremony of the Vietnam C4IR\">\r\n                            <\/a>\r\n                            \r\n                        <\/figure>\r\n                    <\/div>\r\n                    <div class = \"td-slide-item td-item30\">\r\n                        <figure class=\"td-slide-galery-figure td-slide-popup-gallery\">\r\n                            <a class=\"slide-gallery-image-link\" href=\"https:\/\/hef.gov.vn\/wp-content\/uploads\/2025\/07\/8D4A5612.jpg\" title=\"\"  data-caption=\"\"  data-description=\"\">\r\n                                <img decoding=\"async\" src=\"https:\/\/hef.gov.vn\/wp-content\/uploads\/2025\/07\/8D4A5612-630x420.jpg\" srcset=\"https:\/\/hef.gov.vn\/wp-content\/uploads\/2025\/07\/8D4A5612-630x420.jpg 630w, https:\/\/hef.gov.vn\/wp-content\/uploads\/2025\/07\/8D4A5612-300x200.jpg 300w, https:\/\/hef.gov.vn\/wp-content\/uploads\/2025\/07\/8D4A5612-1024x683.jpg 1024w, https:\/\/hef.gov.vn\/wp-content\/uploads\/2025\/07\/8D4A5612-768x512.jpg 768w, https:\/\/hef.gov.vn\/wp-content\/uploads\/2025\/07\/8D4A5612-18x12.jpg 18w, https:\/\/hef.gov.vn\/wp-content\/uploads\/2025\/07\/8D4A5612-150x100.jpg 150w, https:\/\/hef.gov.vn\/wp-content\/uploads\/2025\/07\/8D4A5612-696x464.jpg 696w, https:\/\/hef.gov.vn\/wp-content\/uploads\/2025\/07\/8D4A5612-1068x712.jpg 1068w, https:\/\/hef.gov.vn\/wp-content\/uploads\/2025\/07\/8D4A5612.jpg 1200w\" sizes=\"(max-width: 630px) 100vw, 630px\" alt=\"Photo: The opening ceremony of the Vietnam C4IR\">\r\n                            <\/a>\r\n                            \r\n                        <\/figure>\r\n                    <\/div>\r\n                    <div class = \"td-slide-item td-item31\">\r\n                        <figure class=\"td-slide-galery-figure td-slide-popup-gallery\">\r\n                            <a class=\"slide-gallery-image-link\" href=\"https:\/\/hef.gov.vn\/wp-content\/uploads\/2025\/07\/8D4A5660.jpg\" title=\"\"  data-caption=\"\"  data-description=\"\">\r\n                                <img decoding=\"async\" src=\"https:\/\/hef.gov.vn\/wp-content\/uploads\/2025\/07\/8D4A5660-630x420.jpg\" srcset=\"https:\/\/hef.gov.vn\/wp-content\/uploads\/2025\/07\/8D4A5660-630x420.jpg 630w, https:\/\/hef.gov.vn\/wp-content\/uploads\/2025\/07\/8D4A5660-300x200.jpg 300w, https:\/\/hef.gov.vn\/wp-content\/uploads\/2025\/07\/8D4A5660-1024x683.jpg 1024w, https:\/\/hef.gov.vn\/wp-content\/uploads\/2025\/07\/8D4A5660-768x512.jpg 768w, https:\/\/hef.gov.vn\/wp-content\/uploads\/2025\/07\/8D4A5660-18x12.jpg 18w, https:\/\/hef.gov.vn\/wp-content\/uploads\/2025\/07\/8D4A5660-150x100.jpg 150w, https:\/\/hef.gov.vn\/wp-content\/uploads\/2025\/07\/8D4A5660-696x464.jpg 696w, https:\/\/hef.gov.vn\/wp-content\/uploads\/2025\/07\/8D4A5660-1068x712.jpg 1068w, https:\/\/hef.gov.vn\/wp-content\/uploads\/2025\/07\/8D4A5660.jpg 1200w\" sizes=\"(max-width: 630px) 100vw, 630px\" alt=\"Photo: The opening ceremony of the Vietnam C4IR\">\r\n                            <\/a>\r\n                            \r\n                        <\/figure>\r\n                    <\/div>\r\n                    <div class = \"td-slide-item td-item32\">\r\n                        <figure class=\"td-slide-galery-figure td-slide-popup-gallery\">\r\n                            <a class=\"slide-gallery-image-link\" href=\"https:\/\/hef.gov.vn\/wp-content\/uploads\/2025\/07\/8D4A5671.jpg\" title=\"\"  data-caption=\"\"  data-description=\"\">\r\n                                <img decoding=\"async\" src=\"https:\/\/hef.gov.vn\/wp-content\/uploads\/2025\/07\/8D4A5671-630x420.jpg\" srcset=\"https:\/\/hef.gov.vn\/wp-content\/uploads\/2025\/07\/8D4A5671-630x420.jpg 630w, https:\/\/hef.gov.vn\/wp-content\/uploads\/2025\/07\/8D4A5671-300x200.jpg 300w, https:\/\/hef.gov.vn\/wp-content\/uploads\/2025\/07\/8D4A5671-1024x683.jpg 1024w, https:\/\/hef.gov.vn\/wp-content\/uploads\/2025\/07\/8D4A5671-768x512.jpg 768w, https:\/\/hef.gov.vn\/wp-content\/uploads\/2025\/07\/8D4A5671-18x12.jpg 18w, https:\/\/hef.gov.vn\/wp-content\/uploads\/2025\/07\/8D4A5671-150x100.jpg 150w, https:\/\/hef.gov.vn\/wp-content\/uploads\/2025\/07\/8D4A5671-696x464.jpg 696w, https:\/\/hef.gov.vn\/wp-content\/uploads\/2025\/07\/8D4A5671-1068x712.jpg 1068w, https:\/\/hef.gov.vn\/wp-content\/uploads\/2025\/07\/8D4A5671.jpg 1200w\" sizes=\"(max-width: 630px) 100vw, 630px\" alt=\"Photo: The opening ceremony of the Vietnam C4IR\">\r\n                            <\/a>\r\n                            \r\n                        <\/figure>\r\n                    <\/div>\r\n                    <div class = \"td-slide-item td-item33\">\r\n                        <figure class=\"td-slide-galery-figure td-slide-popup-gallery\">\r\n                            <a class=\"slide-gallery-image-link\" href=\"https:\/\/hef.gov.vn\/wp-content\/uploads\/2025\/07\/8D4A5695.jpg\" title=\"\"  data-caption=\"\"  data-description=\"\">\r\n                                <img decoding=\"async\" src=\"https:\/\/hef.gov.vn\/wp-content\/uploads\/2025\/07\/8D4A5695-630x420.jpg\" srcset=\"https:\/\/hef.gov.vn\/wp-content\/uploads\/2025\/07\/8D4A5695-630x420.jpg 630w, https:\/\/hef.gov.vn\/wp-content\/uploads\/2025\/07\/8D4A5695-300x200.jpg 300w, https:\/\/hef.gov.vn\/wp-content\/uploads\/2025\/07\/8D4A5695-1024x683.jpg 1024w, https:\/\/hef.gov.vn\/wp-content\/uploads\/2025\/07\/8D4A5695-768x512.jpg 768w, https:\/\/hef.gov.vn\/wp-content\/uploads\/2025\/07\/8D4A5695-18x12.jpg 18w, https:\/\/hef.gov.vn\/wp-content\/uploads\/2025\/07\/8D4A5695-150x100.jpg 150w, https:\/\/hef.gov.vn\/wp-content\/uploads\/2025\/07\/8D4A5695-696x464.jpg 696w, https:\/\/hef.gov.vn\/wp-content\/uploads\/2025\/07\/8D4A5695-1068x712.jpg 1068w, https:\/\/hef.gov.vn\/wp-content\/uploads\/2025\/07\/8D4A5695.jpg 1200w\" sizes=\"(max-width: 630px) 100vw, 630px\" alt=\"Photo: The opening ceremony of the Vietnam C4IR\">\r\n                            <\/a>\r\n                            \r\n                        <\/figure>\r\n                    <\/div>\r\n                    <div class = \"td-slide-item td-item34\">\r\n                        <figure class=\"td-slide-galery-figure td-slide-popup-gallery\">\r\n                            <a class=\"slide-gallery-image-link\" href=\"https:\/\/hef.gov.vn\/wp-content\/uploads\/2025\/07\/8D4A5576.jpg\" title=\"\"  data-caption=\"\"  data-description=\"\">\r\n                                <img decoding=\"async\" src=\"https:\/\/hef.gov.vn\/wp-content\/uploads\/2025\/07\/8D4A5576-630x420.jpg\" srcset=\"https:\/\/hef.gov.vn\/wp-content\/uploads\/2025\/07\/8D4A5576-630x420.jpg 630w, https:\/\/hef.gov.vn\/wp-content\/uploads\/2025\/07\/8D4A5576-300x200.jpg 300w, https:\/\/hef.gov.vn\/wp-content\/uploads\/2025\/07\/8D4A5576-1024x683.jpg 1024w, https:\/\/hef.gov.vn\/wp-content\/uploads\/2025\/07\/8D4A5576-768x512.jpg 768w, https:\/\/hef.gov.vn\/wp-content\/uploads\/2025\/07\/8D4A5576-18x12.jpg 18w, https:\/\/hef.gov.vn\/wp-content\/uploads\/2025\/07\/8D4A5576-150x100.jpg 150w, https:\/\/hef.gov.vn\/wp-content\/uploads\/2025\/07\/8D4A5576-696x464.jpg 696w, https:\/\/hef.gov.vn\/wp-content\/uploads\/2025\/07\/8D4A5576-1068x712.jpg 1068w, https:\/\/hef.gov.vn\/wp-content\/uploads\/2025\/07\/8D4A5576.jpg 1200w\" sizes=\"(max-width: 630px) 100vw, 630px\" alt=\"Photo: The opening ceremony of the Vietnam C4IR\">\r\n                            <\/a>\r\n                            \r\n                        <\/figure>\r\n                    <\/div>\r\n                    <div class = \"td-slide-item td-item35\">\r\n                        <figure class=\"td-slide-galery-figure td-slide-popup-gallery\">\r\n                            <a class=\"slide-gallery-image-link\" href=\"https:\/\/hef.gov.vn\/wp-content\/uploads\/2025\/07\/8D4A5588.jpg\" title=\"\"  data-caption=\"\"  data-description=\"\">\r\n                                <img decoding=\"async\" src=\"https:\/\/hef.gov.vn\/wp-content\/uploads\/2025\/07\/8D4A5588-630x420.jpg\" srcset=\"https:\/\/hef.gov.vn\/wp-content\/uploads\/2025\/07\/8D4A5588-630x420.jpg 630w, https:\/\/hef.gov.vn\/wp-content\/uploads\/2025\/07\/8D4A5588-300x200.jpg 300w, https:\/\/hef.gov.vn\/wp-content\/uploads\/2025\/07\/8D4A5588-1024x683.jpg 1024w, https:\/\/hef.gov.vn\/wp-content\/uploads\/2025\/07\/8D4A5588-768x512.jpg 768w, https:\/\/hef.gov.vn\/wp-content\/uploads\/2025\/07\/8D4A5588-18x12.jpg 18w, https:\/\/hef.gov.vn\/wp-content\/uploads\/2025\/07\/8D4A5588-150x100.jpg 150w, https:\/\/hef.gov.vn\/wp-content\/uploads\/2025\/07\/8D4A5588-696x464.jpg 696w, https:\/\/hef.gov.vn\/wp-content\/uploads\/2025\/07\/8D4A5588-1068x712.jpg 1068w, https:\/\/hef.gov.vn\/wp-content\/uploads\/2025\/07\/8D4A5588.jpg 1200w\" sizes=\"(max-width: 630px) 100vw, 630px\" alt=\"Photo: The opening ceremony of the Vietnam C4IR\">\r\n                            <\/a>\r\n                            \r\n                        <\/figure>\r\n                    <\/div>\r\n                    <div class = \"td-slide-item td-item36\">\r\n                        <figure class=\"td-slide-galery-figure td-slide-popup-gallery\">\r\n                            <a class=\"slide-gallery-image-link\" href=\"https:\/\/hef.gov.vn\/wp-content\/uploads\/2025\/07\/8D4A5592.jpg\" title=\"\"  data-caption=\"\"  data-description=\"\">\r\n                                <img decoding=\"async\" src=\"https:\/\/hef.gov.vn\/wp-content\/uploads\/2025\/07\/8D4A5592-630x420.jpg\" srcset=\"https:\/\/hef.gov.vn\/wp-content\/uploads\/2025\/07\/8D4A5592-630x420.jpg 630w, https:\/\/hef.gov.vn\/wp-content\/uploads\/2025\/07\/8D4A5592-300x200.jpg 300w, https:\/\/hef.gov.vn\/wp-content\/uploads\/2025\/07\/8D4A5592-1024x683.jpg 1024w, https:\/\/hef.gov.vn\/wp-content\/uploads\/2025\/07\/8D4A5592-768x512.jpg 768w, https:\/\/hef.gov.vn\/wp-content\/uploads\/2025\/07\/8D4A5592-18x12.jpg 18w, https:\/\/hef.gov.vn\/wp-content\/uploads\/2025\/07\/8D4A5592-150x100.jpg 150w, https:\/\/hef.gov.vn\/wp-content\/uploads\/2025\/07\/8D4A5592-696x464.jpg 696w, https:\/\/hef.gov.vn\/wp-content\/uploads\/2025\/07\/8D4A5592-1068x712.jpg 1068w, https:\/\/hef.gov.vn\/wp-content\/uploads\/2025\/07\/8D4A5592.jpg 1200w\" sizes=\"(max-width: 630px) 100vw, 630px\" alt=\"Photo: The opening ceremony of the Vietnam C4IR\">\r\n                            <\/a>\r\n                            \r\n                        <\/figure>\r\n                    <\/div>\r\n                    <div class = \"td-slide-item td-item37\">\r\n                        <figure class=\"td-slide-galery-figure td-slide-popup-gallery\">\r\n                            <a class=\"slide-gallery-image-link\" href=\"https:\/\/hef.gov.vn\/wp-content\/uploads\/2025\/07\/8D4A5593.jpg\" title=\"\"  data-caption=\"\"  data-description=\"\">\r\n                                <img decoding=\"async\" src=\"https:\/\/hef.gov.vn\/wp-content\/uploads\/2025\/07\/8D4A5593-630x420.jpg\" srcset=\"https:\/\/hef.gov.vn\/wp-content\/uploads\/2025\/07\/8D4A5593-630x420.jpg 630w, https:\/\/hef.gov.vn\/wp-content\/uploads\/2025\/07\/8D4A5593-300x200.jpg 300w, https:\/\/hef.gov.vn\/wp-content\/uploads\/2025\/07\/8D4A5593-1024x683.jpg 1024w, https:\/\/hef.gov.vn\/wp-content\/uploads\/2025\/07\/8D4A5593-768x512.jpg 768w, https:\/\/hef.gov.vn\/wp-content\/uploads\/2025\/07\/8D4A5593-18x12.jpg 18w, https:\/\/hef.gov.vn\/wp-content\/uploads\/2025\/07\/8D4A5593-150x100.jpg 150w, https:\/\/hef.gov.vn\/wp-content\/uploads\/2025\/07\/8D4A5593-696x464.jpg 696w, https:\/\/hef.gov.vn\/wp-content\/uploads\/2025\/07\/8D4A5593-1068x712.jpg 1068w, https:\/\/hef.gov.vn\/wp-content\/uploads\/2025\/07\/8D4A5593.jpg 1200w\" sizes=\"(max-width: 630px) 100vw, 630px\" alt=\"Photo: The opening ceremony of the Vietnam C4IR\">\r\n                            <\/a>\r\n                            \r\n                        <\/figure>\r\n                    <\/div>\r\n                    <div class = \"td-slide-item td-item38\">\r\n                        <figure class=\"td-slide-galery-figure td-slide-popup-gallery\">\r\n                            <a class=\"slide-gallery-image-link\" href=\"https:\/\/hef.gov.vn\/wp-content\/uploads\/2025\/07\/8D4A5595.jpg\" title=\"\"  data-caption=\"\"  data-description=\"\">\r\n                                <img decoding=\"async\" src=\"https:\/\/hef.gov.vn\/wp-content\/uploads\/2025\/07\/8D4A5595-630x420.jpg\" srcset=\"https:\/\/hef.gov.vn\/wp-content\/uploads\/2025\/07\/8D4A5595-630x420.jpg 630w, https:\/\/hef.gov.vn\/wp-content\/uploads\/2025\/07\/8D4A5595-300x200.jpg 300w, https:\/\/hef.gov.vn\/wp-content\/uploads\/2025\/07\/8D4A5595-1024x683.jpg 1024w, https:\/\/hef.gov.vn\/wp-content\/uploads\/2025\/07\/8D4A5595-768x512.jpg 768w, https:\/\/hef.gov.vn\/wp-content\/uploads\/2025\/07\/8D4A5595-18x12.jpg 18w, https:\/\/hef.gov.vn\/wp-content\/uploads\/2025\/07\/8D4A5595-150x100.jpg 150w, https:\/\/hef.gov.vn\/wp-content\/uploads\/2025\/07\/8D4A5595-696x464.jpg 696w, https:\/\/hef.gov.vn\/wp-content\/uploads\/2025\/07\/8D4A5595-1068x712.jpg 1068w, https:\/\/hef.gov.vn\/wp-content\/uploads\/2025\/07\/8D4A5595.jpg 1200w\" sizes=\"(max-width: 630px) 100vw, 630px\" alt=\"Photo: The opening ceremony of the Vietnam C4IR\">\r\n                            <\/a>\r\n                            \r\n                        <\/figure>\r\n                    <\/div>\r\n                    <div class = \"td-slide-item td-item39\">\r\n                        <figure class=\"td-slide-galery-figure td-slide-popup-gallery\">\r\n                            <a class=\"slide-gallery-image-link\" href=\"https:\/\/hef.gov.vn\/wp-content\/uploads\/2025\/07\/8D4A5527.jpg\" title=\"\"  data-caption=\"\"  data-description=\"\">\r\n                                <img decoding=\"async\" src=\"https:\/\/hef.gov.vn\/wp-content\/uploads\/2025\/07\/8D4A5527-630x420.jpg\" srcset=\"https:\/\/hef.gov.vn\/wp-content\/uploads\/2025\/07\/8D4A5527-630x420.jpg 630w, https:\/\/hef.gov.vn\/wp-content\/uploads\/2025\/07\/8D4A5527-300x200.jpg 300w, https:\/\/hef.gov.vn\/wp-content\/uploads\/2025\/07\/8D4A5527-1024x683.jpg 1024w, https:\/\/hef.gov.vn\/wp-content\/uploads\/2025\/07\/8D4A5527-768x512.jpg 768w, https:\/\/hef.gov.vn\/wp-content\/uploads\/2025\/07\/8D4A5527-18x12.jpg 18w, https:\/\/hef.gov.vn\/wp-content\/uploads\/2025\/07\/8D4A5527-150x100.jpg 150w, https:\/\/hef.gov.vn\/wp-content\/uploads\/2025\/07\/8D4A5527-696x464.jpg 696w, https:\/\/hef.gov.vn\/wp-content\/uploads\/2025\/07\/8D4A5527-1068x712.jpg 1068w, https:\/\/hef.gov.vn\/wp-content\/uploads\/2025\/07\/8D4A5527.jpg 1200w\" sizes=\"(max-width: 630px) 100vw, 630px\" alt=\"Photo: The opening ceremony of the Vietnam C4IR\">\r\n                            <\/a>\r\n                            \r\n                        <\/figure>\r\n                    <\/div>\r\n                    <div class = \"td-slide-item td-item40\">\r\n                        <figure class=\"td-slide-galery-figure td-slide-popup-gallery\">\r\n                            <a class=\"slide-gallery-image-link\" href=\"https:\/\/hef.gov.vn\/wp-content\/uploads\/2025\/07\/8D4A5534.jpg\" title=\"\"  data-caption=\"\"  data-description=\"\">\r\n                                <img decoding=\"async\" src=\"https:\/\/hef.gov.vn\/wp-content\/uploads\/2025\/07\/8D4A5534-630x420.jpg\" srcset=\"https:\/\/hef.gov.vn\/wp-content\/uploads\/2025\/07\/8D4A5534-630x420.jpg 630w, https:\/\/hef.gov.vn\/wp-content\/uploads\/2025\/07\/8D4A5534-300x200.jpg 300w, https:\/\/hef.gov.vn\/wp-content\/uploads\/2025\/07\/8D4A5534-1024x683.jpg 1024w, https:\/\/hef.gov.vn\/wp-content\/uploads\/2025\/07\/8D4A5534-768x512.jpg 768w, https:\/\/hef.gov.vn\/wp-content\/uploads\/2025\/07\/8D4A5534-18x12.jpg 18w, https:\/\/hef.gov.vn\/wp-content\/uploads\/2025\/07\/8D4A5534-150x100.jpg 150w, https:\/\/hef.gov.vn\/wp-content\/uploads\/2025\/07\/8D4A5534-696x464.jpg 696w, https:\/\/hef.gov.vn\/wp-content\/uploads\/2025\/07\/8D4A5534-1068x712.jpg 1068w, https:\/\/hef.gov.vn\/wp-content\/uploads\/2025\/07\/8D4A5534.jpg 1200w\" sizes=\"(max-width: 630px) 100vw, 630px\" alt=\"Photo: The opening ceremony of the Vietnam C4IR\">\r\n                            <\/a>\r\n                            \r\n                        <\/figure>\r\n                    <\/div>\r\n                    <div class = \"td-slide-item td-item41\">\r\n                        <figure class=\"td-slide-galery-figure td-slide-popup-gallery\">\r\n                            <a class=\"slide-gallery-image-link\" href=\"https:\/\/hef.gov.vn\/wp-content\/uploads\/2025\/07\/8D4A5540.jpg\" title=\"\"  data-caption=\"\"  data-description=\"\">\r\n                                <img decoding=\"async\" src=\"https:\/\/hef.gov.vn\/wp-content\/uploads\/2025\/07\/8D4A5540-630x420.jpg\" srcset=\"https:\/\/hef.gov.vn\/wp-content\/uploads\/2025\/07\/8D4A5540-630x420.jpg 630w, https:\/\/hef.gov.vn\/wp-content\/uploads\/2025\/07\/8D4A5540-300x200.jpg 300w, https:\/\/hef.gov.vn\/wp-content\/uploads\/2025\/07\/8D4A5540-1024x683.jpg 1024w, https:\/\/hef.gov.vn\/wp-content\/uploads\/2025\/07\/8D4A5540-768x512.jpg 768w, https:\/\/hef.gov.vn\/wp-content\/uploads\/2025\/07\/8D4A5540-18x12.jpg 18w, https:\/\/hef.gov.vn\/wp-content\/uploads\/2025\/07\/8D4A5540-150x100.jpg 150w, https:\/\/hef.gov.vn\/wp-content\/uploads\/2025\/07\/8D4A5540-696x464.jpg 696w, https:\/\/hef.gov.vn\/wp-content\/uploads\/2025\/07\/8D4A5540-1068x712.jpg 1068w, https:\/\/hef.gov.vn\/wp-content\/uploads\/2025\/07\/8D4A5540.jpg 1200w\" sizes=\"(max-width: 630px) 100vw, 630px\" alt=\"Photo: The opening ceremony of the Vietnam C4IR\">\r\n                            <\/a>\r\n                            \r\n                        <\/figure>\r\n                    <\/div>\r\n                    <div class = \"td-slide-item td-item42\">\r\n                        <figure class=\"td-slide-galery-figure td-slide-popup-gallery\">\r\n                            <a class=\"slide-gallery-image-link\" href=\"https:\/\/hef.gov.vn\/wp-content\/uploads\/2025\/07\/8D4A5566.jpg\" title=\"\"  data-caption=\"\"  data-description=\"\">\r\n                                <img decoding=\"async\" src=\"https:\/\/hef.gov.vn\/wp-content\/uploads\/2025\/07\/8D4A5566-630x420.jpg\" srcset=\"https:\/\/hef.gov.vn\/wp-content\/uploads\/2025\/07\/8D4A5566-630x420.jpg 630w, https:\/\/hef.gov.vn\/wp-content\/uploads\/2025\/07\/8D4A5566-300x200.jpg 300w, https:\/\/hef.gov.vn\/wp-content\/uploads\/2025\/07\/8D4A5566-1024x683.jpg 1024w, https:\/\/hef.gov.vn\/wp-content\/uploads\/2025\/07\/8D4A5566-768x512.jpg 768w, https:\/\/hef.gov.vn\/wp-content\/uploads\/2025\/07\/8D4A5566-18x12.jpg 18w, https:\/\/hef.gov.vn\/wp-content\/uploads\/2025\/07\/8D4A5566-150x100.jpg 150w, https:\/\/hef.gov.vn\/wp-content\/uploads\/2025\/07\/8D4A5566-696x464.jpg 696w, https:\/\/hef.gov.vn\/wp-content\/uploads\/2025\/07\/8D4A5566-1068x712.jpg 1068w, https:\/\/hef.gov.vn\/wp-content\/uploads\/2025\/07\/8D4A5566.jpg 1200w\" sizes=\"(max-width: 630px) 100vw, 630px\" alt=\"Photo: The opening ceremony of the Vietnam C4IR\">\r\n                            <\/a>\r\n                            \r\n                        <\/figure>\r\n                    <\/div>\r\n                    <div class = \"td-slide-item td-item43\">\r\n                        <figure class=\"td-slide-galery-figure td-slide-popup-gallery\">\r\n                            <a class=\"slide-gallery-image-link\" href=\"https:\/\/hef.gov.vn\/wp-content\/uploads\/2025\/07\/8D4A5387.jpg\" title=\"\"  data-caption=\"\"  data-description=\"\">\r\n                                <img decoding=\"async\" src=\"https:\/\/hef.gov.vn\/wp-content\/uploads\/2025\/07\/8D4A5387-630x420.jpg\" srcset=\"https:\/\/hef.gov.vn\/wp-content\/uploads\/2025\/07\/8D4A5387-630x420.jpg 630w, https:\/\/hef.gov.vn\/wp-content\/uploads\/2025\/07\/8D4A5387-300x200.jpg 300w, https:\/\/hef.gov.vn\/wp-content\/uploads\/2025\/07\/8D4A5387-1024x683.jpg 1024w, https:\/\/hef.gov.vn\/wp-content\/uploads\/2025\/07\/8D4A5387-768x512.jpg 768w, https:\/\/hef.gov.vn\/wp-content\/uploads\/2025\/07\/8D4A5387-18x12.jpg 18w, https:\/\/hef.gov.vn\/wp-content\/uploads\/2025\/07\/8D4A5387-150x100.jpg 150w, https:\/\/hef.gov.vn\/wp-content\/uploads\/2025\/07\/8D4A5387-696x464.jpg 696w, https:\/\/hef.gov.vn\/wp-content\/uploads\/2025\/07\/8D4A5387-1068x712.jpg 1068w, https:\/\/hef.gov.vn\/wp-content\/uploads\/2025\/07\/8D4A5387.jpg 1200w\" sizes=\"(max-width: 630px) 100vw, 630px\" alt=\"Photo: The opening ceremony of the Vietnam C4IR\">\r\n                            <\/a>\r\n                            \r\n                        <\/figure>\r\n                    <\/div>\r\n                    <div class = \"td-slide-item td-item44\">\r\n                        <figure class=\"td-slide-galery-figure td-slide-popup-gallery\">\r\n                            <a class=\"slide-gallery-image-link\" href=\"https:\/\/hef.gov.vn\/wp-content\/uploads\/2025\/07\/8D4A5456.jpg\" title=\"\"  data-caption=\"\"  data-description=\"\">\r\n                                <img decoding=\"async\" src=\"https:\/\/hef.gov.vn\/wp-content\/uploads\/2025\/07\/8D4A5456-630x420.jpg\" srcset=\"https:\/\/hef.gov.vn\/wp-content\/uploads\/2025\/07\/8D4A5456-630x420.jpg 630w, https:\/\/hef.gov.vn\/wp-content\/uploads\/2025\/07\/8D4A5456-300x200.jpg 300w, https:\/\/hef.gov.vn\/wp-content\/uploads\/2025\/07\/8D4A5456-1024x683.jpg 1024w, https:\/\/hef.gov.vn\/wp-content\/uploads\/2025\/07\/8D4A5456-768x512.jpg 768w, https:\/\/hef.gov.vn\/wp-content\/uploads\/2025\/07\/8D4A5456-18x12.jpg 18w, https:\/\/hef.gov.vn\/wp-content\/uploads\/2025\/07\/8D4A5456-150x100.jpg 150w, https:\/\/hef.gov.vn\/wp-content\/uploads\/2025\/07\/8D4A5456-696x464.jpg 696w, https:\/\/hef.gov.vn\/wp-content\/uploads\/2025\/07\/8D4A5456-1068x712.jpg 1068w, https:\/\/hef.gov.vn\/wp-content\/uploads\/2025\/07\/8D4A5456.jpg 1200w\" sizes=\"(max-width: 630px) 100vw, 630px\" alt=\"Photo: The opening ceremony of the Vietnam C4IR\">\r\n                            <\/a>\r\n                            \r\n                        <\/figure>\r\n                    <\/div>\r\n                            <\/div>\r\n                        <\/div>\r\n\r\n                        <div class = \"td-doubleSlider-2\">\r\n                            <div class = \"td-slider\">\r\n                                \r\n                    <div class = \"td-button td-item1\">\r\n                        <div class = \"td-border\"><\/div>\r\n                    <\/div>\r\n                    <div class = \"td-button td-item2\">\r\n                        <div class = \"td-border\"><\/div>\r\n                    <\/div>\r\n                    <div class = \"td-button td-item3\">\r\n                        <div class = \"td-border\"><\/div>\r\n                    <\/div>\r\n                    <div class = \"td-button td-item4\">\r\n                        <div class = \"td-border\"><\/div>\r\n                    <\/div>\r\n                    <div class = \"td-button td-item5\">\r\n                        <div class = \"td-border\"><\/div>\r\n                    <\/div>\r\n                    <div class = \"td-button td-item6\">\r\n                        <div class = \"td-border\"><\/div>\r\n                    <\/div>\r\n                    <div class = \"td-button td-item7\">\r\n                        <div class = \"td-border\"><\/div>\r\n                    <\/div>\r\n                    <div class = \"td-button td-item8\">\r\n                        <div class = \"td-border\"><\/div>\r\n                    <\/div>\r\n                    <div class = \"td-button td-item9\">\r\n                        <div class = \"td-border\"><\/div>\r\n                    <\/div>\r\n                    <div class = \"td-button td-item10\">\r\n                        <div class = \"td-border\"><\/div>\r\n                    <\/div>\r\n                    <div class = \"td-button td-item11\">\r\n                        <div class = \"td-border\"><\/div>\r\n                    <\/div>\r\n                    <div class = \"td-button td-item12\">\r\n                        <div class = \"td-border\"><\/div>\r\n                    <\/div>\r\n                    <div class = \"td-button td-item13\">\r\n                        <div class = \"td-border\"><\/div>\r\n                    <\/div>\r\n                    <div class = \"td-button td-item14\">\r\n                        <div class = \"td-border\"><\/div>\r\n                    <\/div>\r\n                    <div class = \"td-button td-item15\">\r\n                        <div class = \"td-border\"><\/div>\r\n                    <\/div>\r\n                    <div class = \"td-button td-item16\">\r\n                        <div class = \"td-border\"><\/div>\r\n                    <\/div>\r\n                    <div class = \"td-button td-item17\">\r\n                        <div class = \"td-border\"><\/div>\r\n                    <\/div>\r\n                    <div class = \"td-button td-item18\">\r\n                        <div class = \"td-border\"><\/div>\r\n                    <\/div>\r\n                    <div class = \"td-button td-item19\">\r\n                        <div class = \"td-border\"><\/div>\r\n                    <\/div>\r\n                    <div class = \"td-button td-item20\">\r\n                        <div class = \"td-border\"><\/div>\r\n                    <\/div>\r\n                    <div class = \"td-button td-item21\">\r\n                        <div class = \"td-border\"><\/div>\r\n                    <\/div>\r\n                    <div class = \"td-button td-item22\">\r\n                        <div class = \"td-border\"><\/div>\r\n                    <\/div>\r\n                    <div class = \"td-button td-item23\">\r\n                        <div class = \"td-border\"><\/div>\r\n                    <\/div>\r\n                    <div class = \"td-button td-item24\">\r\n                        <div class = \"td-border\"><\/div>\r\n                    <\/div>\r\n                    <div class = \"td-button td-item25\">\r\n                        <div class = \"td-border\"><\/div>\r\n                    <\/div>\r\n                    <div class = \"td-button td-item26\">\r\n                        <div class = \"td-border\"><\/div>\r\n                    <\/div>\r\n                    <div class = \"td-button td-item27\">\r\n                        <div class = \"td-border\"><\/div>\r\n                    <\/div>\r\n                    <div class = \"td-button td-item28\">\r\n                        <div class = \"td-border\"><\/div>\r\n                    <\/div>\r\n                    <div class = \"td-button td-item29\">\r\n                        <div class = \"td-border\"><\/div>\r\n                    <\/div>\r\n                    <div class = \"td-button td-item30\">\r\n                        <div class = \"td-border\"><\/div>\r\n                    <\/div>\r\n                    <div class = \"td-button td-item31\">\r\n                        <div class = \"td-border\"><\/div>\r\n                    <\/div>\r\n                    <div class = \"td-button td-item32\">\r\n                        <div class = \"td-border\"><\/div>\r\n                    <\/div>\r\n                    <div class = \"td-button td-item33\">\r\n                        <div class = \"td-border\"><\/div>\r\n                    <\/div>\r\n                    <div class = \"td-button td-item34\">\r\n                        <div class = \"td-border\"><\/div>\r\n                    <\/div>\r\n                    <div class = \"td-button td-item35\">\r\n                        <div class = \"td-border\"><\/div>\r\n                    <\/div>\r\n                    <div class = \"td-button td-item36\">\r\n                        <div class = \"td-border\"><\/div>\r\n                    <\/div>\r\n                    <div class = \"td-button td-item37\">\r\n                        <div class = \"td-border\"><\/div>\r\n                    <\/div>\r\n                    <div class = \"td-button td-item38\">\r\n                        <div class = \"td-border\"><\/div>\r\n                    <\/div>\r\n                    <div class = \"td-button td-item39\">\r\n                        <div class = \"td-border\"><\/div>\r\n                    <\/div>\r\n                    <div class = \"td-button td-item40\">\r\n                        <div class = \"td-border\"><\/div>\r\n                    <\/div>\r\n                    <div class = \"td-button td-item41\">\r\n                        <div class = \"td-border\"><\/div>\r\n                    <\/div>\r\n                    <div class = \"td-button td-item42\">\r\n                        <div class = \"td-border\"><\/div>\r\n                    <\/div>\r\n                    <div class = \"td-button td-item43\">\r\n                        <div class = \"td-border\"><\/div>\r\n                    <\/div>\r\n                    <div class = \"td-button td-item44\">\r\n                        <div class = \"td-border\"><\/div>\r\n                    <\/div>\r\n                            <\/div>\r\n                        <\/div>\r\n\r\n                    <\/div>\r\n\r\n                <\/div>\r\n                \n<\/div>","protected":false},"excerpt":{"rendered":"<p>The event was attended by Prime Minister Pham Minh Chinh, Secretary of the HCMC Party Committee Nguyen Van Nen, and Chairman of the HCMC People&#8217;s Committee Phan Van Mai, along with many other high-ranking leaders. The center is expected to become a new driving force for the sustainable development of the city, with its influence [&hellip;]<\/p>\n","protected":false},"author":1,"featured_media":2488,"comment_status":"open","ping_status":"closed","sticky":false,"template":"","format":"standard","meta":{"_acf_changed":false,"footnotes":""},"categories":[82],"tags":[123,124],"class_list":{"0":"post-2467","1":"post","2":"type-post","3":"status-publish","4":"format-standard","5":"has-post-thumbnail","7":"category-photo-gallery","8":"tag-c4ir","9":"tag-vietnam-c4ir"},"acf":[],"yoast_head":"<!-- This site is optimized with the Yoast SEO Premium plugin v25.4 (Yoast SEO v27.4) - https:\/\/yoast.com\/product\/yoast-seo-premium-wordpress\/ -->\n<title>Photo: The opening ceremony of the Vietnam C4IR - The Autumn Economic Forum<\/title>\n<meta name=\"robots\" content=\"index, follow, max-snippet:-1, max-image-preview:large, max-video-preview:-1\" \/>\n<link rel=\"canonical\" href=\"https:\/\/hef.gov.vn\/vi\/photo-the-opening-ceremony-of-the-vietnam-c4ir.html\/\" \/>\n<meta property=\"og:locale\" content=\"vi_VN\" \/>\n<meta property=\"og:type\" content=\"article\" \/>\n<meta property=\"og:title\" content=\"Photo: The opening ceremony of the Vietnam C4IR\" \/>\n<meta property=\"og:description\" content=\"The event was attended by Prime Minister Pham Minh Chinh, Secretary of the HCMC Party Committee Nguyen Van Nen, and Chairman of the HCMC People&#8217;s Committee Phan Van Mai, along with many other high-ranking leaders. The center is expected to become a new driving force for the sustainable development of the city, with its influence [&hellip;]\" \/>\n<meta property=\"og:url\" content=\"https:\/\/hef.gov.vn\/vi\/photo-the-opening-ceremony-of-the-vietnam-c4ir.html\/\" \/>\n<meta property=\"og:site_name\" content=\"The Autumn Economic Forum\" \/>\n<meta property=\"article:published_time\" content=\"2024-09-26T08:33:40+00:00\" \/>\n<meta property=\"article:modified_time\" content=\"2025-07-14T08:50:43+00:00\" \/>\n<meta property=\"og:image\" content=\"https:\/\/hef.gov.vn\/wp-content\/uploads\/2025\/07\/8D4A5781.jpg\" \/>\n\t<meta property=\"og:image:width\" content=\"1200\" \/>\n\t<meta property=\"og:image:height\" content=\"800\" \/>\n\t<meta property=\"og:image:type\" content=\"image\/jpeg\" \/>\n<meta name=\"author\" content=\"HCMC C4IR\" \/>\n<meta name=\"twitter:card\" content=\"summary_large_image\" \/>\n<meta name=\"twitter:label1\" content=\"\u0110\u01b0\u1ee3c vi\u1ebft b\u1edfi\" \/>\n\t<meta name=\"twitter:data1\" content=\"HCMC C4IR\" \/>\n<script type=\"application\/ld+json\" class=\"yoast-schema-graph\">{\"@context\":\"https:\\\/\\\/schema.org\",\"@graph\":[{\"@type\":\"Article\",\"@id\":\"https:\\\/\\\/hef.gov.vn\\\/photo-the-opening-ceremony-of-the-vietnam-c4ir.html#article\",\"isPartOf\":{\"@id\":\"https:\\\/\\\/hef.gov.vn\\\/photo-the-opening-ceremony-of-the-vietnam-c4ir.html\"},\"author\":{\"name\":\"HCMC C4IR\",\"@id\":\"https:\\\/\\\/hef.gov.vn\\\/#\\\/schema\\\/person\\\/62308f7a9a27b99897a8cbc11b1f6bcb\"},\"headline\":\"Photo: The opening ceremony of the Vietnam C4IR\",\"datePublished\":\"2024-09-26T08:33:40+00:00\",\"dateModified\":\"2025-07-14T08:50:43+00:00\",\"mainEntityOfPage\":{\"@id\":\"https:\\\/\\\/hef.gov.vn\\\/photo-the-opening-ceremony-of-the-vietnam-c4ir.html\"},\"wordCount\":95,\"commentCount\":0,\"image\":{\"@id\":\"https:\\\/\\\/hef.gov.vn\\\/photo-the-opening-ceremony-of-the-vietnam-c4ir.html#primaryimage\"},\"thumbnailUrl\":\"https:\\\/\\\/hef.gov.vn\\\/wp-content\\\/uploads\\\/2025\\\/07\\\/8D4A5781.jpg\",\"keywords\":[\"C4IR\",\"Vietnam C4IR\"],\"articleSection\":[\"Gallery\"],\"inLanguage\":\"vi\",\"potentialAction\":[{\"@type\":\"CommentAction\",\"name\":\"Comment\",\"target\":[\"https:\\\/\\\/hef.gov.vn\\\/photo-the-opening-ceremony-of-the-vietnam-c4ir.html#respond\"]}]},{\"@type\":\"WebPage\",\"@id\":\"https:\\\/\\\/hef.gov.vn\\\/photo-the-opening-ceremony-of-the-vietnam-c4ir.html\",\"url\":\"https:\\\/\\\/hef.gov.vn\\\/photo-the-opening-ceremony-of-the-vietnam-c4ir.html\",\"name\":\"Photo: The opening ceremony of the Vietnam C4IR - The Autumn Economic Forum\",\"isPartOf\":{\"@id\":\"https:\\\/\\\/hef.gov.vn\\\/#website\"},\"primaryImageOfPage\":{\"@id\":\"https:\\\/\\\/hef.gov.vn\\\/photo-the-opening-ceremony-of-the-vietnam-c4ir.html#primaryimage\"},\"image\":{\"@id\":\"https:\\\/\\\/hef.gov.vn\\\/photo-the-opening-ceremony-of-the-vietnam-c4ir.html#primaryimage\"},\"thumbnailUrl\":\"https:\\\/\\\/hef.gov.vn\\\/wp-content\\\/uploads\\\/2025\\\/07\\\/8D4A5781.jpg\",\"datePublished\":\"2024-09-26T08:33:40+00:00\",\"dateModified\":\"2025-07-14T08:50:43+00:00\",\"author\":{\"@id\":\"https:\\\/\\\/hef.gov.vn\\\/#\\\/schema\\\/person\\\/62308f7a9a27b99897a8cbc11b1f6bcb\"},\"breadcrumb\":{\"@id\":\"https:\\\/\\\/hef.gov.vn\\\/photo-the-opening-ceremony-of-the-vietnam-c4ir.html#breadcrumb\"},\"inLanguage\":\"vi\",\"potentialAction\":[{\"@type\":\"ReadAction\",\"target\":[\"https:\\\/\\\/hef.gov.vn\\\/photo-the-opening-ceremony-of-the-vietnam-c4ir.html\"]}]},{\"@type\":\"ImageObject\",\"inLanguage\":\"vi\",\"@id\":\"https:\\\/\\\/hef.gov.vn\\\/photo-the-opening-ceremony-of-the-vietnam-c4ir.html#primaryimage\",\"url\":\"https:\\\/\\\/hef.gov.vn\\\/wp-content\\\/uploads\\\/2025\\\/07\\\/8D4A5781.jpg\",\"contentUrl\":\"https:\\\/\\\/hef.gov.vn\\\/wp-content\\\/uploads\\\/2025\\\/07\\\/8D4A5781.jpg\",\"width\":1200,\"height\":800,\"caption\":\"Photo: The opening ceremony of the Vietnam C4IR\"},{\"@type\":\"BreadcrumbList\",\"@id\":\"https:\\\/\\\/hef.gov.vn\\\/photo-the-opening-ceremony-of-the-vietnam-c4ir.html#breadcrumb\",\"itemListElement\":[{\"@type\":\"ListItem\",\"position\":1,\"name\":\"Home\",\"item\":\"https:\\\/\\\/hef.gov.vn\\\/\"},{\"@type\":\"ListItem\",\"position\":2,\"name\":\"Photo: The opening ceremony of the Vietnam C4IR\"}]},{\"@type\":\"WebSite\",\"@id\":\"https:\\\/\\\/hef.gov.vn\\\/#website\",\"url\":\"https:\\\/\\\/hef.gov.vn\\\/\",\"name\":\"The Autumn Economic Forum\",\"description\":\"The Autumn Economic Forum in Ho Chi Minh City\",\"alternateName\":\"HEF\",\"potentialAction\":[{\"@type\":\"SearchAction\",\"target\":{\"@type\":\"EntryPoint\",\"urlTemplate\":\"https:\\\/\\\/hef.gov.vn\\\/?s={search_term_string}\"},\"query-input\":{\"@type\":\"PropertyValueSpecification\",\"valueRequired\":true,\"valueName\":\"search_term_string\"}}],\"inLanguage\":\"vi\"},{\"@type\":\"Person\",\"@id\":\"https:\\\/\\\/hef.gov.vn\\\/#\\\/schema\\\/person\\\/62308f7a9a27b99897a8cbc11b1f6bcb\",\"name\":\"HCMC C4IR\",\"image\":{\"@type\":\"ImageObject\",\"inLanguage\":\"vi\",\"@id\":\"https:\\\/\\\/secure.gravatar.com\\\/avatar\\\/3dbb30451207da14eb7fd710d620db228ed367205ec7d73cee4990ded45e260a?s=96&d=mm&r=g\",\"url\":\"https:\\\/\\\/secure.gravatar.com\\\/avatar\\\/3dbb30451207da14eb7fd710d620db228ed367205ec7d73cee4990ded45e260a?s=96&d=mm&r=g\",\"contentUrl\":\"https:\\\/\\\/secure.gravatar.com\\\/avatar\\\/3dbb30451207da14eb7fd710d620db228ed367205ec7d73cee4990ded45e260a?s=96&d=mm&r=g\",\"caption\":\"HCMC C4IR\"},\"sameAs\":[\"https:\\\/\\\/hef.c4ir.vn\"],\"url\":\"https:\\\/\\\/hef.gov.vn\\\/vi\\\/author\\\/zen-hef\"}]}<\/script>\n<!-- \/ Yoast SEO Premium plugin. -->","yoast_head_json":{"title":"Photo: The opening ceremony of the Vietnam C4IR - The Autumn Economic Forum","robots":{"index":"index","follow":"follow","max-snippet":"max-snippet:-1","max-image-preview":"max-image-preview:large","max-video-preview":"max-video-preview:-1"},"canonical":"https:\/\/hef.gov.vn\/vi\/photo-the-opening-ceremony-of-the-vietnam-c4ir.html\/","og_locale":"vi_VN","og_type":"article","og_title":"Photo: The opening ceremony of the Vietnam C4IR","og_description":"The event was attended by Prime Minister Pham Minh Chinh, Secretary of the HCMC Party Committee Nguyen Van Nen, and Chairman of the HCMC People&#8217;s Committee Phan Van Mai, along with many other high-ranking leaders. The center is expected to become a new driving force for the sustainable development of the city, with its influence [&hellip;]","og_url":"https:\/\/hef.gov.vn\/vi\/photo-the-opening-ceremony-of-the-vietnam-c4ir.html\/","og_site_name":"The Autumn Economic Forum","article_published_time":"2024-09-26T08:33:40+00:00","article_modified_time":"2025-07-14T08:50:43+00:00","og_image":[{"width":1200,"height":800,"url":"https:\/\/hef.gov.vn\/wp-content\/uploads\/2025\/07\/8D4A5781.jpg","type":"image\/jpeg"}],"author":"HCMC C4IR","twitter_card":"summary_large_image","twitter_misc":{"\u0110\u01b0\u1ee3c vi\u1ebft b\u1edfi":"HCMC C4IR"},"schema":{"@context":"https:\/\/schema.org","@graph":[{"@type":"Article","@id":"https:\/\/hef.gov.vn\/photo-the-opening-ceremony-of-the-vietnam-c4ir.html#article","isPartOf":{"@id":"https:\/\/hef.gov.vn\/photo-the-opening-ceremony-of-the-vietnam-c4ir.html"},"author":{"name":"HCMC C4IR","@id":"https:\/\/hef.gov.vn\/#\/schema\/person\/62308f7a9a27b99897a8cbc11b1f6bcb"},"headline":"Photo: The opening ceremony of the Vietnam C4IR","datePublished":"2024-09-26T08:33:40+00:00","dateModified":"2025-07-14T08:50:43+00:00","mainEntityOfPage":{"@id":"https:\/\/hef.gov.vn\/photo-the-opening-ceremony-of-the-vietnam-c4ir.html"},"wordCount":95,"commentCount":0,"image":{"@id":"https:\/\/hef.gov.vn\/photo-the-opening-ceremony-of-the-vietnam-c4ir.html#primaryimage"},"thumbnailUrl":"https:\/\/hef.gov.vn\/wp-content\/uploads\/2025\/07\/8D4A5781.jpg","keywords":["C4IR","Vietnam C4IR"],"articleSection":["Gallery"],"inLanguage":"vi","potentialAction":[{"@type":"CommentAction","name":"Comment","target":["https:\/\/hef.gov.vn\/photo-the-opening-ceremony-of-the-vietnam-c4ir.html#respond"]}]},{"@type":"WebPage","@id":"https:\/\/hef.gov.vn\/photo-the-opening-ceremony-of-the-vietnam-c4ir.html","url":"https:\/\/hef.gov.vn\/photo-the-opening-ceremony-of-the-vietnam-c4ir.html","name":"Photo: The opening ceremony of the Vietnam C4IR - The Autumn Economic Forum","isPartOf":{"@id":"https:\/\/hef.gov.vn\/#website"},"primaryImageOfPage":{"@id":"https:\/\/hef.gov.vn\/photo-the-opening-ceremony-of-the-vietnam-c4ir.html#primaryimage"},"image":{"@id":"https:\/\/hef.gov.vn\/photo-the-opening-ceremony-of-the-vietnam-c4ir.html#primaryimage"},"thumbnailUrl":"https:\/\/hef.gov.vn\/wp-content\/uploads\/2025\/07\/8D4A5781.jpg","datePublished":"2024-09-26T08:33:40+00:00","dateModified":"2025-07-14T08:50:43+00:00","author":{"@id":"https:\/\/hef.gov.vn\/#\/schema\/person\/62308f7a9a27b99897a8cbc11b1f6bcb"},"breadcrumb":{"@id":"https:\/\/hef.gov.vn\/photo-the-opening-ceremony-of-the-vietnam-c4ir.html#breadcrumb"},"inLanguage":"vi","potentialAction":[{"@type":"ReadAction","target":["https:\/\/hef.gov.vn\/photo-the-opening-ceremony-of-the-vietnam-c4ir.html"]}]},{"@type":"ImageObject","inLanguage":"vi","@id":"https:\/\/hef.gov.vn\/photo-the-opening-ceremony-of-the-vietnam-c4ir.html#primaryimage","url":"https:\/\/hef.gov.vn\/wp-content\/uploads\/2025\/07\/8D4A5781.jpg","contentUrl":"https:\/\/hef.gov.vn\/wp-content\/uploads\/2025\/07\/8D4A5781.jpg","width":1200,"height":800,"caption":"Photo: The opening ceremony of the Vietnam C4IR"},{"@type":"BreadcrumbList","@id":"https:\/\/hef.gov.vn\/photo-the-opening-ceremony-of-the-vietnam-c4ir.html#breadcrumb","itemListElement":[{"@type":"ListItem","position":1,"name":"Home","item":"https:\/\/hef.gov.vn\/"},{"@type":"ListItem","position":2,"name":"Photo: The opening ceremony of the Vietnam C4IR"}]},{"@type":"WebSite","@id":"https:\/\/hef.gov.vn\/#website","url":"https:\/\/hef.gov.vn\/","name":"The Autumn Economic Forum","description":"The Autumn Economic Forum in Ho Chi Minh City","alternateName":"HEF","potentialAction":[{"@type":"SearchAction","target":{"@type":"EntryPoint","urlTemplate":"https:\/\/hef.gov.vn\/?s={search_term_string}"},"query-input":{"@type":"PropertyValueSpecification","valueRequired":true,"valueName":"search_term_string"}}],"inLanguage":"vi"},{"@type":"Person","@id":"https:\/\/hef.gov.vn\/#\/schema\/person\/62308f7a9a27b99897a8cbc11b1f6bcb","name":"HCMC C4IR","image":{"@type":"ImageObject","inLanguage":"vi","@id":"https:\/\/secure.gravatar.com\/avatar\/3dbb30451207da14eb7fd710d620db228ed367205ec7d73cee4990ded45e260a?s=96&d=mm&r=g","url":"https:\/\/secure.gravatar.com\/avatar\/3dbb30451207da14eb7fd710d620db228ed367205ec7d73cee4990ded45e260a?s=96&d=mm&r=g","contentUrl":"https:\/\/secure.gravatar.com\/avatar\/3dbb30451207da14eb7fd710d620db228ed367205ec7d73cee4990ded45e260a?s=96&d=mm&r=g","caption":"HCMC C4IR"},"sameAs":["https:\/\/hef.c4ir.vn"],"url":"https:\/\/hef.gov.vn\/vi\/author\/zen-hef"}]}},"_links":{"self":[{"href":"https:\/\/hef.gov.vn\/vi\/wp-json\/wp\/v2\/posts\/2467","targetHints":{"allow":["GET"]}}],"collection":[{"href":"https:\/\/hef.gov.vn\/vi\/wp-json\/wp\/v2\/posts"}],"about":[{"href":"https:\/\/hef.gov.vn\/vi\/wp-json\/wp\/v2\/types\/post"}],"author":[{"embeddable":true,"href":"https:\/\/hef.gov.vn\/vi\/wp-json\/wp\/v2\/users\/1"}],"replies":[{"embeddable":true,"href":"https:\/\/hef.gov.vn\/vi\/wp-json\/wp\/v2\/comments?post=2467"}],"version-history":[{"count":1,"href":"https:\/\/hef.gov.vn\/vi\/wp-json\/wp\/v2\/posts\/2467\/revisions"}],"predecessor-version":[{"id":2513,"href":"https:\/\/hef.gov.vn\/vi\/wp-json\/wp\/v2\/posts\/2467\/revisions\/2513"}],"wp:featuredmedia":[{"embeddable":true,"href":"https:\/\/hef.gov.vn\/vi\/wp-json\/wp\/v2\/media\/2488"}],"wp:attachment":[{"href":"https:\/\/hef.gov.vn\/vi\/wp-json\/wp\/v2\/media?parent=2467"}],"wp:term":[{"taxonomy":"category","embeddable":true,"href":"https:\/\/hef.gov.vn\/vi\/wp-json\/wp\/v2\/categories?post=2467"},{"taxonomy":"post_tag","embeddable":true,"href":"https:\/\/hef.gov.vn\/vi\/wp-json\/wp\/v2\/tags?post=2467"}],"curies":[{"name":"wp","href":"https:\/\/api.w.org\/{rel}","templated":true}]}}